{"id":7446,"date":"2017-11-18T08:10:00","date_gmt":"2017-11-18T10:10:00","guid":{"rendered":"https:\/\/blogs.correiobraziliense.com.br\/servidor\/?p=7446"},"modified":"2017-11-17T22:19:35","modified_gmt":"2017-11-18T00:19:35","slug":"fasubra-carta-aberta-populacao-brasileira","status":"publish","type":"post","link":"https:\/\/blogs.correiobraziliense.com.br\/servidor\/fasubra-carta-aberta-populacao-brasileira\/","title":{"rendered":"Fasubra &#8211; carta aberta \u00e0 popula\u00e7\u00e3o brasileira"},"content":{"rendered":"<p><em>&#8220;Em defesa do trabalho e dos servi\u00e7os p\u00fablicos de qualidade para a popula\u00e7\u00e3o<\/em><\/p>\n<p><strong>O que est\u00e1 por detr\u00e1s do discurso do Governo Temer?<\/strong><br \/>\nO governo Temer e a grande m\u00eddia querem fazer a opini\u00e3o p\u00fablica acreditar que a valoriza\u00e7\u00e3o dos trabalhadores do funcionalismo e amplia\u00e7\u00e3o dos servi\u00e7os p\u00fablicos para toda popula\u00e7\u00e3o s\u00e3o os vil\u00f5es das contas p\u00fablicas. Assim, constru\u00edram um discurso que \u00e9 propagandeado todos os dias na grande m\u00eddia que a reforma da previd\u00eancia e o ajuste fiscal s\u00e3o para acabar com privil\u00e9gios do funcionalismo. A verdade \u00e9 outra: se o governo Temer e o Congresso Nacional quisessem mesmo acabar com privil\u00e9gios, come\u00e7ariam por eles mesmos, retirando verbas e vantagens desmedidas de parlamentares e do alto escal\u00e3o dos governos, fariam um ajuste fiscal nas grandes fortunas, no lucro dos grandes bancos e cobrariam os grandes devedores do Estado. No entanto, seguem atacando apenas aqueles que n\u00e3o s\u00e3o autoridades.<\/p>\n<p>A realidade \u00e9 que a situa\u00e7\u00e3o da maioria dos trabalhadores do funcionalismo e dos \u00f3rg\u00e3os p\u00fablicos n\u00e3o \u00e9 de privil\u00e9gios e regalias, muito pelo contr\u00e1rio. Os recentes cortes no or\u00e7amento da maioria dos \u00f3rg\u00e3os p\u00fablicos t\u00eam aprofundado a precariza\u00e7\u00e3o e o desmonte, e isso se reflete para a popula\u00e7\u00e3o de forma muito negativa. A sociedade brasileira paga muitos impostos, especialmente o povo trabalhador, e n\u00e3o tem um retorno adequado em forma de qualidade e alcance dos servi\u00e7os p\u00fablicos. Muitos \u00f3rg\u00e3os p\u00fablicos encontram suas atividades semi paralisadas por falta de recursos, ao mesmo tempo que os trabalhadores do funcionalismo n\u00e3o possuem o direito \u00e0 negocia\u00e7\u00e3o coletiva, restri\u00e7\u00f5es para a greve e, ainda, tem os raros acordos legais sendo desrespeitados.<\/p>\n<p>Com dados manipulados, informam que o Estado est\u00e1 inchado e que gasta muito com o servi\u00e7o p\u00fablico, quando o que pretendem \u00e9 a ampla terceiriza\u00e7\u00e3o e a consequente privatiza\u00e7\u00e3o que entregar\u00e1 a previd\u00eancia, a sa\u00fade, a educa\u00e7\u00e3o, a seguran\u00e7a, a fiscaliza\u00e7\u00e3o e tantos outros servi\u00e7os nas m\u00e3os dos grandes grupos econ\u00f4micos que continuar\u00e3o a explorar a popula\u00e7\u00e3o.<\/p>\n<p><strong>Por que o ataque ao servi\u00e7o p\u00fablico \u00e9 um ataque \u00e0 popula\u00e7\u00e3o?<\/strong><br \/>\nA diminui\u00e7\u00e3o de verbas e a precariza\u00e7\u00e3o das condi\u00e7\u00f5es de trabalho no servi\u00e7o p\u00fablico resultar\u00e3o em seu sucateamento. O que restar do servi\u00e7o p\u00fablico ser\u00e1 entregue \u00e0 iniciativa privada e o acesso ser\u00e1 restrito aos que puderem pagar por ele. Na contram\u00e3o do necess\u00e1rio aprimoramento e amplia\u00e7\u00e3o dos servi\u00e7os p\u00fablicos t\u00e3o necess\u00e1rios \u00e0 nossa popula\u00e7\u00e3o, o Governo pretende diminuir o que j\u00e1 \u00e9 insuficiente, dificultar ainda mais o acesso e afastar qualquer bom profissional que queira servir \u00e0 popula\u00e7\u00e3o. \u00c9 isso que a nossa sociedade merece?<\/p>\n<p>Por isso a popula\u00e7\u00e3o brasileira precisa se levantar em defesa do servi\u00e7o p\u00fablico, gratuito e de qualidade. N\u00e3o podemos aceitar que o governo Temer destrua conquistas sociais e democr\u00e1ticas que custaram d\u00e9cadas de lutas para os trabalhadores. Precisamos exigir a revoga\u00e7\u00e3o da EC 95 que impede investimentos sociais, denunciar a reforma da previd\u00eancia e a MP 805, lutar pela revoga\u00e7\u00e3o da reforma trabalhista e das terceiriza\u00e7\u00f5es. O futuro de nosso pa\u00eds est\u00e1 comprometido caso o Congresso Nacional aprove a reforma da previd\u00eancia e o pacote de maldades contra o funcionalismo.<\/p>\n<p><strong>O que podemos fazer?<\/strong><br \/>\nAs entidades sindicais do funcionalismo p\u00fablico federal organizadas no FONASEFE e no FONACATE, que representam milhares de trabalhadores em todo o pa\u00eds, convocam tod@s os servidores p\u00fablicos, as centrais sindicais, os movimentos sociais e toda popula\u00e7\u00e3o a somarem for\u00e7as em defesa dos servi\u00e7os p\u00fablicos de qualidade para toda popula\u00e7\u00e3o. Estamos construindo uma jornada de lutas contra o desmonte e a privatiza\u00e7\u00e3o dos servi\u00e7os p\u00fablicos e contra o pacote de maldades do governo Temer contra os direitos do funcionalismo.<br \/>\nAcreditamos que somente a unidade pode acumular for\u00e7as para derrotar Temer e seus ataques. Apostamos na amplia\u00e7\u00e3o do nosso movimento e na constru\u00e7\u00e3o de uma luta cada vez maior que coloque no horizonte um calend\u00e1rio de lutas unificado e uma nova greve geral no pa\u00eds.<br \/>\n\u00c9 Hora de lutar em defesa dos servi\u00e7os p\u00fablicos de qualidade para toda popula\u00e7\u00e3o e pela valoriza\u00e7\u00e3o dos servidores p\u00fablicos. N\u00e3o ao pacote de maldades de Temer!<\/p>\n<p>TOD@S \u00c0 BRAS\u00cdLIA DIA 28 DE NOVEMBRO .<br \/>\nCRONOGRAMA DE ATIVIDADES EM BRAS\u00cdLIA<br \/>\n\u2022 DIA 14 DE NOVEMBRO \u2013 MANH\u00c3 &#8211; REUNI\u00c3O NO SINAIT \u2013 COM AS ASSESSORIAS JUR\u00cdDICAS. ( Combater a MP 805)<br \/>\n\u2022 DIA 20 DE NOVEMBRO \u2013 AUDI\u00caNCIA NA CDH &#8211; SENADOR PAULO PAIM. Tema: A defesa dos servi\u00e7os p\u00fablicos e a luta contra o pacote de maldades de Temer.<br \/>\n\u2022 DIA 27 DE NOVEMBRO \u2013 AUDI\u00caNCIA NO CONGRESSO NACIONAL: QUE SERVI\u00c7O P\u00daBLICO N\u00d3S QUEREMOS? Local: Audit\u00f3rio Nereu Ramos.<br \/>\n\u2022 DIA 28 DE NOVEMBRO &#8211; CARAVANA EM BRAS\u00cdLIA \u2013 Em defesa dos servi\u00e7os p\u00fablicos de qualidade para a popula\u00e7\u00e3o.&#8221;<\/p>\n<p>Assinam as seguintes entidades:<br \/>\nFONASEFE \u2013 F\u00f3rum das Entidades Nacionais dos Servidores P\u00fablicos Federais.<br \/>\nFONACATE \u2013 F\u00f3rum Nacional Permanente de Carreiras T\u00edpicas de Estado<\/p>\n","protected":false},"excerpt":{"rendered":"<p>&#8220;Em defesa do trabalho e dos servi\u00e7os p\u00fablicos de qualidade para a popula\u00e7\u00e3o O que est\u00e1 por detr\u00e1s do discurso do Governo Temer? O governo Temer e a grande m\u00eddia querem fazer a opini\u00e3o p\u00fablica acreditar que a valoriza\u00e7\u00e3o dos trabalhadores do funcionalismo e amplia\u00e7\u00e3o dos servi\u00e7os p\u00fablicos para toda popula\u00e7\u00e3o s\u00e3o os vil\u00f5es das contas p\u00fablicas. Assim, constru\u00edram um [&hellip;]<\/p>\n","protected":false},"author":27,"featured_media":0,"comment_status":"open","ping_status":"closed","sticky":false,"template":"","format":"standard","meta":{"footnotes":""},"categories":[2719],"tags":[1506,9703,1935,744,1302,301,100,2278,1201,3510,2204,9808,9821,1164,98,4642,6910,5827,268,545,549,955,147,24,787,1379,19,261,524,2923,2223],"class_list":["post-7446","post","type-post","status-publish","format-standard","hentry","category-servidor","tag-aberta","tag-ajuste-fiscal","tag-autoridades","tag-bancos","tag-brasileira","tag-carta","tag-congresso","tag-contas","tag-defesa","tag-devedores","tag-discurso","tag-fasubra","tag-forturnas","tag-funcionalismo","tag-governo","tag-lucro","tag-midia","tag-opiniao","tag-parlamentares","tag-populacao","tag-previdencia","tag-privilegios","tag-publica","tag-publicos","tag-qualidade","tag-servicos","tag-trabalhadores","tag-trabalho","tag-valorizacao","tag-vantagens","tag-verbas"],"_links":{"self":[{"href":"https:\/\/blogs.correiobraziliense.com.br\/servidor\/wp-json\/wp\/v2\/posts\/7446","targetHints":{"allow":["GET"]}}],"collection":[{"href":"https:\/\/blogs.correiobraziliense.com.br\/servidor\/wp-json\/wp\/v2\/posts"}],"about":[{"href":"https:\/\/blogs.correiobraziliense.com.br\/servidor\/wp-json\/wp\/v2\/types\/post"}],"author":[{"embeddable":true,"href":"https:\/\/blogs.correiobraziliense.com.br\/servidor\/wp-json\/wp\/v2\/users\/27"}],"replies":[{"embeddable":true,"href":"https:\/\/blogs.correiobraziliense.com.br\/servidor\/wp-json\/wp\/v2\/comments?post=7446"}],"version-history":[{"count":1,"href":"https:\/\/blogs.correiobraziliense.com.br\/servidor\/wp-json\/wp\/v2\/posts\/7446\/revisions"}],"predecessor-version":[{"id":7447,"href":"https:\/\/blogs.correiobraziliense.com.br\/servidor\/wp-json\/wp\/v2\/posts\/7446\/revisions\/7447"}],"wp:attachment":[{"href":"https:\/\/blogs.correiobraziliense.com.br\/servidor\/wp-json\/wp\/v2\/media?parent=7446"}],"wp:term":[{"taxonomy":"category","embeddable":true,"href":"https:\/\/blogs.correiobraziliense.com.br\/servidor\/wp-json\/wp\/v2\/categories?post=7446"},{"taxonomy":"post_tag","embeddable":true,"href":"https:\/\/blogs.correiobraziliense.com.br\/servidor\/wp-json\/wp\/v2\/tags?post=7446"}],"curies":[{"name":"wp","href":"https:\/\/api.w.org\/{rel}","templated":true}]}}