{"id":7434,"date":"2017-11-17T12:12:31","date_gmt":"2017-11-17T14:12:31","guid":{"rendered":"https:\/\/blogs.correiobraziliense.com.br\/servidor\/?p=7434"},"modified":"2017-11-17T12:12:31","modified_gmt":"2017-11-17T14:12:31","slug":"greve-dos-trabalhadores-tecnico-administrativos-em-educacao-das-universidades-federais","status":"publish","type":"post","link":"https:\/\/blogs.correiobraziliense.com.br\/servidor\/greve-dos-trabalhadores-tecnico-administrativos-em-educacao-das-universidades-federais\/","title":{"rendered":"Greve dos trabalhadores t\u00e9cnico-administrativos em educa\u00e7\u00e3o das universidades federais"},"content":{"rendered":"<p><em>At\u00e9 momento, de 63 institui\u00e7\u00f5es de ensino superior, 30 aderiram \u00e0 greve. Ainda ocorrem assembleias para decidir sobre o movimento. O que provocou a greve, segundo a\u00a0 Federa\u00e7\u00e3o de Sindicatos de Trabalhadores T\u00e9cnico-Administrativos em Institui\u00e7\u00f5es de Ensino Superior P\u00fablicas do Brasil (Fasufra), foi o &#8220;sil\u00eancio do governo como resposta \u00a0a cerca de 250 mil trabalhadores das institui\u00e7\u00f5es de ensino superior p\u00fablicas&#8221;.<\/em><\/p>\n<p dir=\"ltr\"><strong>Eixos da Greve<\/strong><\/p>\n<p dir=\"ltr\">Defesa da Carreira dos TAES!<\/p>\n<p dir=\"ltr\">Negocia\u00e7\u00e3o Salarial J\u00e1! Nenhum direito a menos!<\/p>\n<p dir=\"ltr\">Contra o aumento da contribui\u00e7\u00e3o previdenci\u00e1ria! N\u00e3o \u00e0 Reforma da Previd\u00eancia!<\/p>\n<p dir=\"ltr\">Revoga\u00e7\u00e3o do PDV!<\/p>\n<p dir=\"ltr\">Em defesa do ensino superior p\u00fablico, gratuito e de qualidade!<\/p>\n<p dir=\"ltr\">Em defesa dos servi\u00e7os p\u00fablicos!<\/p>\n<p dir=\"ltr\">Contra o PLS 116\/17 \u2013 demiss\u00e3o por avalia\u00e7\u00e3o negativa (fim da estabilidade)<\/p>\n<p dir=\"ltr\">Em defesa dos hospitais universit\u00e1rios.<\/p>\n","protected":false},"excerpt":{"rendered":"<p>At\u00e9 momento, de 63 institui\u00e7\u00f5es de ensino superior, 30 aderiram \u00e0 greve. Ainda ocorrem assembleias para decidir sobre o movimento. O que provocou a greve, segundo a\u00a0 Federa\u00e7\u00e3o de Sindicatos de Trabalhadores T\u00e9cnico-Administrativos em Institui\u00e7\u00f5es de Ensino Superior P\u00fablicas do Brasil (Fasufra), foi o &#8220;sil\u00eancio do governo como resposta \u00a0a cerca de 250 mil trabalhadores das institui\u00e7\u00f5es de ensino superior [&hellip;]<\/p>\n","protected":false},"author":27,"featured_media":0,"comment_status":"open","ping_status":"closed","sticky":false,"template":"","format":"standard","meta":{"footnotes":""},"categories":[2719],"tags":[474,1055,3808,131,1017,48,620,9808,59,98,15,3841,540,3086,9112,549,711,19,6012],"class_list":["post-7434","post","type-post","status-publish","format-standard","hentry","category-servidor","tag-adesao","tag-administrativos","tag-assembleias","tag-contribuicao","tag-demissao","tag-educacao","tag-estabilidade","tag-fasubra","tag-federais","tag-governo","tag-greve","tag-hospitais","tag-movimento","tag-pdv","tag-pls-11617","tag-previdencia","tag-reforma","tag-trabalhadores","tag-universidades"],"_links":{"self":[{"href":"https:\/\/blogs.correiobraziliense.com.br\/servidor\/wp-json\/wp\/v2\/posts\/7434","targetHints":{"allow":["GET"]}}],"collection":[{"href":"https:\/\/blogs.correiobraziliense.com.br\/servidor\/wp-json\/wp\/v2\/posts"}],"about":[{"href":"https:\/\/blogs.correiobraziliense.com.br\/servidor\/wp-json\/wp\/v2\/types\/post"}],"author":[{"embeddable":true,"href":"https:\/\/blogs.correiobraziliense.com.br\/servidor\/wp-json\/wp\/v2\/users\/27"}],"replies":[{"embeddable":true,"href":"https:\/\/blogs.correiobraziliense.com.br\/servidor\/wp-json\/wp\/v2\/comments?post=7434"}],"version-history":[{"count":1,"href":"https:\/\/blogs.correiobraziliense.com.br\/servidor\/wp-json\/wp\/v2\/posts\/7434\/revisions"}],"predecessor-version":[{"id":7435,"href":"https:\/\/blogs.correiobraziliense.com.br\/servidor\/wp-json\/wp\/v2\/posts\/7434\/revisions\/7435"}],"wp:attachment":[{"href":"https:\/\/blogs.correiobraziliense.com.br\/servidor\/wp-json\/wp\/v2\/media?parent=7434"}],"wp:term":[{"taxonomy":"category","embeddable":true,"href":"https:\/\/blogs.correiobraziliense.com.br\/servidor\/wp-json\/wp\/v2\/categories?post=7434"},{"taxonomy":"post_tag","embeddable":true,"href":"https:\/\/blogs.correiobraziliense.com.br\/servidor\/wp-json\/wp\/v2\/tags?post=7434"}],"curies":[{"name":"wp","href":"https:\/\/api.w.org\/{rel}","templated":true}]}}