{"id":7406,"date":"2017-11-14T10:59:36","date_gmt":"2017-11-14T12:59:36","guid":{"rendered":"https:\/\/blogs.correiobraziliense.com.br\/servidor\/?p=7406"},"modified":"2017-11-14T12:23:09","modified_gmt":"2017-11-14T14:23:09","slug":"juiza-do-tocantins-exige-que-dnit-pague-reajustes-dos-servidores-em-2018","status":"publish","type":"post","link":"https:\/\/blogs.correiobraziliense.com.br\/servidor\/juiza-do-tocantins-exige-que-dnit-pague-reajustes-dos-servidores-em-2018\/","title":{"rendered":"Ju\u00edza exige que Dnit pague reajustes dos servidores em 2018"},"content":{"rendered":"<p><em>Na primeira decis\u00e3o contra a MP 805, que posterga sal\u00e1rios e eleva a contribui\u00e7\u00e3o previdenci\u00e1ria dos servidores p\u00fablicos federais, a ju\u00edza Moniky Mayara da Fonseca, da 5\u00ba Vara Federal (RN) afirma que a proposta do governo fere o princ\u00edpio da irredutibilidade dos vencimentos. Jogou, portanto, \u00e1gua fria na expectativa do Executivo de economizar R$ 5,1 bilh\u00f5es no ano que vem<\/em><\/p>\n<p>&#8220;Diante do exposto, defiro o pedido de urg\u00eancia formulado na inicial, para determinar ao Departamento Nacional de Infraestrutura de Transporte &#8211; DNIT que proceda \u00e0 manuten\u00e7\u00e3o dos efeitos financeiros da Lei n\u00ba 13.464\/2017 aos seus servidores p\u00fablicos, sendo estes ativos, inativos e seus pensionistas, integrantes das carreiras institu\u00eddas pela Lei n\u00ba 11.171\/2005 e pela Lei n\u00ba 11.539\/2007, quanto \u00e0 nova tabela de remunera\u00e7\u00e3o, at\u00e9 ulterior decis\u00e3o deste Ju\u00edzo&#8221;, declara a magistrada.<\/p>\n<p>Veja a decis\u00e3o:<\/p>\n<p>&nbsp;<\/p>\n","protected":false},"excerpt":{"rendered":"<p>Na primeira decis\u00e3o contra a MP 805, que posterga sal\u00e1rios e eleva a contribui\u00e7\u00e3o previdenci\u00e1ria dos servidores p\u00fablicos federais, a ju\u00edza Moniky Mayara da Fonseca, da 5\u00ba Vara Federal (RN) afirma que a proposta do governo fere o princ\u00edpio da irredutibilidade dos vencimentos. Jogou, portanto, \u00e1gua fria na expectativa do Executivo de economizar R$ 5,1 bilh\u00f5es no ano que vem [&hellip;]<\/p>\n","protected":false},"author":27,"featured_media":0,"comment_status":"open","ping_status":"closed","sticky":false,"template":"","format":"standard","meta":{"footnotes":""},"categories":[2719],"tags":[6026,55,9775,8202,2491,2093,6841,860,9778,5030,1573,9607,9776,690,9777,354,557,2926],"class_list":["post-7406","post","type-post","status-publish","format-standard","hentry","category-servidor","tag-6026","tag-carreiras","tag-dnite","tag-economizar","tag-efeitos","tag-exige","tag-expectativa","tag-financeiros","tag-governo-executivo","tag-irredutibilidade","tag-juiza","tag-mp-805","tag-pague","tag-reajustes","tag-servidores-federais","tag-tabela","tag-tocantins","tag-vencimentos"],"_links":{"self":[{"href":"https:\/\/blogs.correiobraziliense.com.br\/servidor\/wp-json\/wp\/v2\/posts\/7406","targetHints":{"allow":["GET"]}}],"collection":[{"href":"https:\/\/blogs.correiobraziliense.com.br\/servidor\/wp-json\/wp\/v2\/posts"}],"about":[{"href":"https:\/\/blogs.correiobraziliense.com.br\/servidor\/wp-json\/wp\/v2\/types\/post"}],"author":[{"embeddable":true,"href":"https:\/\/blogs.correiobraziliense.com.br\/servidor\/wp-json\/wp\/v2\/users\/27"}],"replies":[{"embeddable":true,"href":"https:\/\/blogs.correiobraziliense.com.br\/servidor\/wp-json\/wp\/v2\/comments?post=7406"}],"version-history":[{"count":7,"href":"https:\/\/blogs.correiobraziliense.com.br\/servidor\/wp-json\/wp\/v2\/posts\/7406\/revisions"}],"predecessor-version":[{"id":7415,"href":"https:\/\/blogs.correiobraziliense.com.br\/servidor\/wp-json\/wp\/v2\/posts\/7406\/revisions\/7415"}],"wp:attachment":[{"href":"https:\/\/blogs.correiobraziliense.com.br\/servidor\/wp-json\/wp\/v2\/media?parent=7406"}],"wp:term":[{"taxonomy":"category","embeddable":true,"href":"https:\/\/blogs.correiobraziliense.com.br\/servidor\/wp-json\/wp\/v2\/categories?post=7406"},{"taxonomy":"post_tag","embeddable":true,"href":"https:\/\/blogs.correiobraziliense.com.br\/servidor\/wp-json\/wp\/v2\/tags?post=7406"}],"curies":[{"name":"wp","href":"https:\/\/api.w.org\/{rel}","templated":true}]}}