{"id":7404,"date":"2017-11-13T18:57:49","date_gmt":"2017-11-13T20:57:49","guid":{"rendered":"https:\/\/blogs.correiobraziliense.com.br\/servidor\/?p=7404"},"modified":"2017-11-13T18:57:49","modified_gmt":"2017-11-13T20:57:49","slug":"autorizada-nomeacao-de-213-aprovados-em-concurso-da-funai","status":"publish","type":"post","link":"https:\/\/blogs.correiobraziliense.com.br\/servidor\/autorizada-nomeacao-de-213-aprovados-em-concurso-da-funai\/","title":{"rendered":"Autorizada nomea\u00e7\u00e3o de 213 aprovados em concurso da Funai"},"content":{"rendered":"<p><em>Minist\u00e9rio do Planejamento, Desenvolvimento e Gest\u00e3o divulga no Di\u00e1rio Oficial da Uni\u00e3o desta segunda-feira (13) a lista de aprovados no concurso de 2015. Certame venceria em dezembro deste ano<\/em><\/p>\n<p>O Di\u00e1rio Oficial da Uni\u00e3o (DOU) desta segunda-feira (13) divulga a nomea\u00e7\u00e3o 213 servidores aptos e aprovados no concurso de 2015 da Funda\u00e7\u00e3o Nacional do \u00cdndio (Funai). A autoriza\u00e7\u00e3o para nomear os concursados foi feita pelo Minist\u00e9rio do Planejamento, Desenvolvimento e Gest\u00e3o (MP) para 202 cargos de indigenista especializado, tr\u00eas engenheiros, dois engenheiros agr\u00f4nomos e seis contadores. O concurso, homologado em 2016, venceria em dezembro deste ano.<\/p>\n<p>&#8220;Temos em nosso quadro servidores muito competentes, mas precisamos de mais t\u00e9cnicos para que nossos processos sejam conclu\u00eddos com mais celeridade. A chegada desses servidores \u00e9 muito bem-vinda e vai nos ajudar a melhorar o servi\u00e7o que a Funai oferece aos mais de um milh\u00e3o de ind\u00edgenas do nosso pa\u00eds&#8221;, afirmou Franklimberg de Freitas.<\/p>\n<p>Desde sua nomea\u00e7\u00e3o, em julho, o presidente da Funai vinha lutando pela convoca\u00e7\u00e3o dos concursados junto ao MPOG. Em junho, assim que foi empossado o novo ministro da Justi\u00e7a, Torquato Jardim, Franklimberg fez quest\u00e3o de apresentar a situa\u00e7\u00e3o preocupante em que se encontrava a Funda\u00e7\u00e3o devido ao alto n\u00famero de aposentadorias e baixa quantidade de servidores para oferecerem servi\u00e7os primordiais aos ind\u00edgenas.<\/p>\n<p>&#8220;Hoje a Funai conta com 2.122 servidores, sendo que 713 est\u00e3o aptos a se aposentar em 2017 e 60% ter\u00e3o direito ao benef\u00edcio at\u00e9 2020&#8221;, destacou Freitas \u00e0 \u00e9poca do encontro com Jardim.<\/p>\n<p>O ministro da Justi\u00e7a j\u00e1 havia demonstrou preocupa\u00e7\u00e3o com o alto n\u00famero de servidores que ter\u00e3o direito \u00e0 aposentadoria at\u00e9 2020, e afirmou que se empenharia junto ao Minist\u00e9rio do Planejamento para que os aprovados no concurso de 2015 fossem chamados at\u00e9 dezembro. Ele tamb\u00e9m sugeriu a realiza\u00e7\u00e3o de um novo concurso em 2018.<\/p>\n<p><em><b>Nomeados<\/b><\/em><b><br \/>\n<\/b>A Coordena\u00e7\u00e3o-Geral de Gest\u00e3o de Pessoas (CGGP) da Funai definir\u00e1 com brevidade a data da posse dos 213 servidores. Novas informa\u00e7\u00f5es ser\u00e3o divulgadas no site da Funda\u00e7\u00e3o.<\/p>\n<p><em>Fonte: Ascom Funai<\/em><\/p>\n","protected":false},"excerpt":{"rendered":"<p>Minist\u00e9rio do Planejamento, Desenvolvimento e Gest\u00e3o divulga no Di\u00e1rio Oficial da Uni\u00e3o desta segunda-feira (13) a lista de aprovados no concurso de 2015. Certame venceria em dezembro deste ano O Di\u00e1rio Oficial da Uni\u00e3o (DOU) desta segunda-feira (13) divulga a nomea\u00e7\u00e3o 213 servidores aptos e aprovados no concurso de 2015 da Funda\u00e7\u00e3o Nacional do \u00cdndio (Funai). A autoriza\u00e7\u00e3o para nomear [&hellip;]<\/p>\n","protected":false},"author":27,"featured_media":0,"comment_status":"open","ping_status":"closed","sticky":false,"template":"","format":"standard","meta":{"footnotes":""},"categories":[2719],"tags":[9774,2055,234,306,791,6189,93,4251,1769,7850,288,1352,1381,9773,986,2421,307,212,58],"class_list":["post-7404","post","type-post","status-publish","format-standard","hentry","category-servidor","tag-agronomos","tag-aposentadorias","tag-aprovados","tag-autorizada","tag-cargos","tag-certame","tag-concurso","tag-contadores","tag-dou","tag-engenheiro","tag-especializado","tag-funai","tag-indigenas","tag-indigenista","tag-lista","tag-mpog","tag-nomeacao","tag-servico","tag-servidores"],"_links":{"self":[{"href":"https:\/\/blogs.correiobraziliense.com.br\/servidor\/wp-json\/wp\/v2\/posts\/7404","targetHints":{"allow":["GET"]}}],"collection":[{"href":"https:\/\/blogs.correiobraziliense.com.br\/servidor\/wp-json\/wp\/v2\/posts"}],"about":[{"href":"https:\/\/blogs.correiobraziliense.com.br\/servidor\/wp-json\/wp\/v2\/types\/post"}],"author":[{"embeddable":true,"href":"https:\/\/blogs.correiobraziliense.com.br\/servidor\/wp-json\/wp\/v2\/users\/27"}],"replies":[{"embeddable":true,"href":"https:\/\/blogs.correiobraziliense.com.br\/servidor\/wp-json\/wp\/v2\/comments?post=7404"}],"version-history":[{"count":1,"href":"https:\/\/blogs.correiobraziliense.com.br\/servidor\/wp-json\/wp\/v2\/posts\/7404\/revisions"}],"predecessor-version":[{"id":7405,"href":"https:\/\/blogs.correiobraziliense.com.br\/servidor\/wp-json\/wp\/v2\/posts\/7404\/revisions\/7405"}],"wp:attachment":[{"href":"https:\/\/blogs.correiobraziliense.com.br\/servidor\/wp-json\/wp\/v2\/media?parent=7404"}],"wp:term":[{"taxonomy":"category","embeddable":true,"href":"https:\/\/blogs.correiobraziliense.com.br\/servidor\/wp-json\/wp\/v2\/categories?post=7404"},{"taxonomy":"post_tag","embeddable":true,"href":"https:\/\/blogs.correiobraziliense.com.br\/servidor\/wp-json\/wp\/v2\/tags?post=7404"}],"curies":[{"name":"wp","href":"https:\/\/api.w.org\/{rel}","templated":true}]}}