{"id":7400,"date":"2017-11-13T18:29:23","date_gmt":"2017-11-13T20:29:23","guid":{"rendered":"https:\/\/blogs.correiobraziliense.com.br\/servidor\/?p=7400"},"modified":"2017-11-13T18:29:23","modified_gmt":"2017-11-13T20:29:23","slug":"receita-federal-altera-prazo-de-entrega-da-declaracao-de-servicos-medicos-dmed","status":"publish","type":"post","link":"https:\/\/blogs.correiobraziliense.com.br\/servidor\/receita-federal-altera-prazo-de-entrega-da-declaracao-de-servicos-medicos-dmed\/","title":{"rendered":"Receita Federal altera prazo de entrega da Declara\u00e7\u00e3o de Servi\u00e7os M\u00e9dicos (Dmed)"},"content":{"rendered":"<div style=\"text-align: left\" align=\"center\">Instru\u00e7\u00e3o Normativa (IN) RFB n\u00ba 1758\/2017 estabelece que a Dmed deve ser apresentada at\u00e9 o \u00faltimo dia \u00fatil do m\u00eas de fevereiro<\/div>\n<p style=\"text-align: left\">\n<p>Foi publicada hoje no Di\u00e1rio Oficial da Uni\u00e3o a IN RFB n\u00ba 1758\/2017, que antecipa o prazo final de apresenta\u00e7\u00e3o da Dmed para o \u00faltimo dia \u00fatil de fevereiro.<\/p>\n<p>O prazo anterior era o \u00faltimo dia \u00fatil do m\u00eas de mar\u00e7o, e a mudan\u00e7a proporciona tempo superior de processamento das informa\u00e7\u00f5es para fins de alimenta\u00e7\u00e3o da base de dados da DIRPF pr\u00e9 preenchida.<\/p>\n","protected":false},"excerpt":{"rendered":"<p>Instru\u00e7\u00e3o Normativa (IN) RFB n\u00ba 1758\/2017 estabelece que a Dmed deve ser apresentada at\u00e9 o \u00faltimo dia \u00fatil do m\u00eas de fevereiro Foi publicada hoje no Di\u00e1rio Oficial da Uni\u00e3o a IN RFB n\u00ba 1758\/2017, que antecipa o prazo final de apresenta\u00e7\u00e3o da Dmed para o \u00faltimo dia \u00fatil de fevereiro. O prazo anterior era o \u00faltimo dia \u00fatil do [&hellip;]<\/p>\n","protected":false},"author":27,"featured_media":0,"comment_status":"open","ping_status":"closed","sticky":false,"template":"","format":"standard","meta":{"footnotes":""},"categories":[2719],"tags":[1602,8232,1273,9772,561,91,1174,7281,294,2019],"class_list":["post-7400","post","type-post","status-publish","format-standard","hentry","category-servidor","tag-dirpf","tag-dmed","tag-entrega","tag-in-rfb-no-17582017","tag-informacoes","tag-mudanca","tag-prazo","tag-processamento","tag-receita-federal","tag-tempo"],"_links":{"self":[{"href":"https:\/\/blogs.correiobraziliense.com.br\/servidor\/wp-json\/wp\/v2\/posts\/7400","targetHints":{"allow":["GET"]}}],"collection":[{"href":"https:\/\/blogs.correiobraziliense.com.br\/servidor\/wp-json\/wp\/v2\/posts"}],"about":[{"href":"https:\/\/blogs.correiobraziliense.com.br\/servidor\/wp-json\/wp\/v2\/types\/post"}],"author":[{"embeddable":true,"href":"https:\/\/blogs.correiobraziliense.com.br\/servidor\/wp-json\/wp\/v2\/users\/27"}],"replies":[{"embeddable":true,"href":"https:\/\/blogs.correiobraziliense.com.br\/servidor\/wp-json\/wp\/v2\/comments?post=7400"}],"version-history":[{"count":1,"href":"https:\/\/blogs.correiobraziliense.com.br\/servidor\/wp-json\/wp\/v2\/posts\/7400\/revisions"}],"predecessor-version":[{"id":7401,"href":"https:\/\/blogs.correiobraziliense.com.br\/servidor\/wp-json\/wp\/v2\/posts\/7400\/revisions\/7401"}],"wp:attachment":[{"href":"https:\/\/blogs.correiobraziliense.com.br\/servidor\/wp-json\/wp\/v2\/media?parent=7400"}],"wp:term":[{"taxonomy":"category","embeddable":true,"href":"https:\/\/blogs.correiobraziliense.com.br\/servidor\/wp-json\/wp\/v2\/categories?post=7400"},{"taxonomy":"post_tag","embeddable":true,"href":"https:\/\/blogs.correiobraziliense.com.br\/servidor\/wp-json\/wp\/v2\/tags?post=7400"}],"curies":[{"name":"wp","href":"https:\/\/api.w.org\/{rel}","templated":true}]}}