{"id":7390,"date":"2017-11-13T13:57:20","date_gmt":"2017-11-13T15:57:20","guid":{"rendered":"https:\/\/blogs.correiobraziliense.com.br\/servidor\/?p=7390"},"modified":"2017-11-13T13:57:20","modified_gmt":"2017-11-13T15:57:20","slug":"analistas-tributarios-da-receita-federal-nova-mobilizacao-nacional","status":"publish","type":"post","link":"https:\/\/blogs.correiobraziliense.com.br\/servidor\/analistas-tributarios-da-receita-federal-nova-mobilizacao-nacional\/","title":{"rendered":"Analistas-tribut\u00e1rios da Receita Federal &#8211; nova mobiliza\u00e7\u00e3o nacional"},"content":{"rendered":"<p><i>Ato acontecer\u00e1 amanh\u00e3 \u2013 14 novembro &#8211; em protesto contra o pacote de medidas do governo. Os profissionais exigem, tamb\u00e9m, o cumprimento integral do acordo salarial e a regulamenta\u00e7\u00e3o do b\u00f4nus de efici\u00eancia<br \/>\n<\/i><\/p>\n<p>Cerca de 7 mil analistas-tribut\u00e1rios da Receita Federal do Brasil (RFB) participar\u00e3o de mobiliza\u00e7\u00e3o nacional da categoria na pr\u00f3xima <span id=\"OBJ_PREFIX_DWT809_com_zimbra_date\" class=\"Object\">ter<\/span>\u00e7a-feira, dia <span id=\"OBJ_PREFIX_DWT806_com_zimbra_date\" class=\"Object\"><span id=\"OBJ_PREFIX_DWT810_com_zimbra_date\" class=\"Object\">14 de novembro<\/span><\/span>, em protesto contra as medidas anunciadas pelo governo federal &#8220;que promovem o desmonte do servi\u00e7o p\u00fablico&#8221;, informou o Sindicato Nacional da categoria (Sindireceita). Os analistas-tribut\u00e1rios tamb\u00e9m exigem o cumprimento integral do acordo salarial aprovado na Lei n\u00ba 13.464\/2017, que reestruturou a remunera\u00e7\u00e3o dos servidores da Carreira Tribut\u00e1ria e Aduaneira da RFB, bem como a regulamenta\u00e7\u00e3o imediata do b\u00f4nus de efici\u00eancia da categoria.<\/p>\n<p>A mobiliza\u00e7\u00e3o nacional dos analistas-tribut\u00e1rios, destaca o presidente do Sindireceita, \u00e9 para chamar a aten\u00e7\u00e3o da sociedade sobre a gravidade dos fatos envolvendo os interesses dos trabalhadores e, em particular, dos servidores p\u00fablicos, que t\u00eam seus direitos retirados pelo governo sob o pretexto de solucionar a crise econ\u00f4mica. \u201cAs medidas anunciadas pelo governo prejudicar\u00e3o o futuro profissional de todas as categorias e, consequentemente, o atendimento \u00e0s necessidades essenciais da popula\u00e7\u00e3o brasileira. N\u00f3s, analistas-tribut\u00e1rios da Receita Federal do Brasil, temos intensificado cada vez mais as nossas mobiliza\u00e7\u00f5es contra a fragiliza\u00e7\u00e3o do servi\u00e7o p\u00fablico e a desestrutura\u00e7\u00e3o do \u00f3rg\u00e3o. O governo federal deveria ser um dos respons\u00e1veis pela redu\u00e7\u00e3o do d\u00e9ficit fiscal, mas tem tomado medidas que enfraquecem o funcionalismo p\u00fablico e a arrecada\u00e7\u00e3o federal. O momento exige uni\u00e3o e participa\u00e7\u00e3o de todos os servidores p\u00fablicos\u201d, enfatiza Geraldo Seixas.<\/p>\n<p>Durante a mobiliza\u00e7\u00e3o, v\u00e1rios servi\u00e7os podem ser prejudicados, como atendimento aos contribuintes; emiss\u00e3o de certid\u00f5es negativas e de regularidade; restitui\u00e7\u00e3o e compensa\u00e7\u00e3o; inscri\u00e7\u00f5es e altera\u00e7\u00f5es cadastrais; regulariza\u00e7\u00e3o de d\u00e9bitos e pend\u00eancias; orienta\u00e7\u00e3o aos contribuintes; parcelamento de d\u00e9bitos; revis\u00f5es de declara\u00e7\u00f5es; an\u00e1lise de processos de cobran\u00e7a; atendimentos a demandas e respostas a of\u00edcios de outros \u00f3rg\u00e3os, entre outras atividades. Nas unidades aduaneiras, os analistas-tribut\u00e1rios tamb\u00e9m n\u00e3o atuar\u00e3o na Zona Prim\u00e1ria (portos, aeroportos e postos de fronteira), nos servi\u00e7os das alf\u00e2ndegas e inspetorias, como despachos de exporta\u00e7\u00e3o; verifica\u00e7\u00e3o de mercadorias; tr\u00e2nsito aduaneiro; embarque de suprimentos; opera\u00e7\u00f5es especiais de vigil\u00e2ncia e repress\u00e3o; verifica\u00e7\u00e3o f\u00edsica de bagagens, entre outros.<\/p>\n","protected":false},"excerpt":{"rendered":"<p>Ato acontecer\u00e1 amanh\u00e3 \u2013 14 novembro &#8211; em protesto contra o pacote de medidas do governo. Os profissionais exigem, tamb\u00e9m, o cumprimento integral do acordo salarial e a regulamenta\u00e7\u00e3o do b\u00f4nus de efici\u00eancia Cerca de 7 mil analistas-tribut\u00e1rios da Receita Federal do Brasil (RFB) participar\u00e3o de mobiliza\u00e7\u00e3o nacional da categoria na pr\u00f3xima ter\u00e7a-feira, dia 14 de novembro, em protesto contra [&hellip;]<\/p>\n","protected":false},"author":27,"featured_media":0,"comment_status":"open","ping_status":"closed","sticky":false,"template":"","format":"standard","meta":{"footnotes":""},"categories":[2719],"tags":[112,511,1468,366,932,116,367,98,1036,1578,481,70,1485,718,294,923,1620,18],"class_list":["post-7390","post","type-post","status-publish","format-standard","hentry","category-servidor","tag-acordo","tag-analistas-tributarios","tag-bonus-de-eficiencia","tag-crise","tag-cumprimento","tag-direito","tag-economica","tag-governo","tag-integral","tag-medidas","tag-mobilizacao","tag-nacional","tag-pacote","tag-protesto","tag-receita-federal","tag-regulamentacao","tag-remuneracao","tag-salarial"],"_links":{"self":[{"href":"https:\/\/blogs.correiobraziliense.com.br\/servidor\/wp-json\/wp\/v2\/posts\/7390","targetHints":{"allow":["GET"]}}],"collection":[{"href":"https:\/\/blogs.correiobraziliense.com.br\/servidor\/wp-json\/wp\/v2\/posts"}],"about":[{"href":"https:\/\/blogs.correiobraziliense.com.br\/servidor\/wp-json\/wp\/v2\/types\/post"}],"author":[{"embeddable":true,"href":"https:\/\/blogs.correiobraziliense.com.br\/servidor\/wp-json\/wp\/v2\/users\/27"}],"replies":[{"embeddable":true,"href":"https:\/\/blogs.correiobraziliense.com.br\/servidor\/wp-json\/wp\/v2\/comments?post=7390"}],"version-history":[{"count":1,"href":"https:\/\/blogs.correiobraziliense.com.br\/servidor\/wp-json\/wp\/v2\/posts\/7390\/revisions"}],"predecessor-version":[{"id":7391,"href":"https:\/\/blogs.correiobraziliense.com.br\/servidor\/wp-json\/wp\/v2\/posts\/7390\/revisions\/7391"}],"wp:attachment":[{"href":"https:\/\/blogs.correiobraziliense.com.br\/servidor\/wp-json\/wp\/v2\/media?parent=7390"}],"wp:term":[{"taxonomy":"category","embeddable":true,"href":"https:\/\/blogs.correiobraziliense.com.br\/servidor\/wp-json\/wp\/v2\/categories?post=7390"},{"taxonomy":"post_tag","embeddable":true,"href":"https:\/\/blogs.correiobraziliense.com.br\/servidor\/wp-json\/wp\/v2\/tags?post=7390"}],"curies":[{"name":"wp","href":"https:\/\/api.w.org\/{rel}","templated":true}]}}