{"id":7376,"date":"2017-11-09T17:19:58","date_gmt":"2017-11-09T19:19:58","guid":{"rendered":"https:\/\/blogs.correiobraziliense.com.br\/servidor\/?p=7376"},"modified":"2017-11-09T17:19:58","modified_gmt":"2017-11-09T19:19:58","slug":"mesmo-desidratada-reforma-da-previdencia-extingue-direitos-e-prejudica-trabalhador-brasileiro-avalia-especialista","status":"publish","type":"post","link":"https:\/\/blogs.correiobraziliense.com.br\/servidor\/mesmo-desidratada-reforma-da-previdencia-extingue-direitos-e-prejudica-trabalhador-brasileiro-avalia-especialista\/","title":{"rendered":"\u201cMesmo desidratada, reforma da Previd\u00eancia extingue direitos e prejudica trabalhador brasileiro\u201d, avalia especialista"},"content":{"rendered":"<p><em>O governo federal est\u00e1 tentando acelerar a aprova\u00e7\u00e3o da reforma da Previd\u00eancia a qualquer custo. E para isso est\u00e1 abrindo m\u00e3o de uma s\u00e9rie de pontos do texto original para conseguir o apoio pol\u00edtico necess\u00e1rio. Na vis\u00e3o do advogado especialista em direito previdenci\u00e1rio, Jo\u00e3o Badari, s\u00f3cio do escrit\u00f3rio Aith, Badari e Luchin Advogados, mesmo desidratada, a reforma ser\u00e1 prejudicial ao trabalhador brasileiro que contribui com o Instituto Nacional de Seguro Social (INSS)<\/em><\/p>\n<p>\u201cAo estabelecer uma idade m\u00ednima, o governo acabar\u00e1 com a aposentadoria por tempo de contribui\u00e7\u00e3o. Assim, ser\u00e1 extinta uma conquista, um direito dos trabalhadores e segurados do INSS. Ela deixar\u00e1 de existir, pois os trabalhadores ter\u00e3o que contribuir, obrigatoriamente, at\u00e9 os 65 anos, no caso dos homens, e 62 anos, no caso das mulheres\u201d, afirma o especialista.<\/p>\n<p>Badari ressalta que este \u00e9 um dos pontos mais preocupantes da reforma, pois com o fim da aposentadoria por tempo de contribui\u00e7\u00e3o muitos trabalhadores, principalmente das camadas mais pobres da popula\u00e7\u00e3o, v\u00e3o contribuir por d\u00e9cadas sem receber nada em contrapartida. \u201cEntre a popula\u00e7\u00e3o da periferia ou de \u00e1rea rural, a expectativa de vida n\u00e3o chega a 55 ou 60 anos. J\u00e1 em bairros nobres de grandes cidades a expectativa de vida \u00e9 de 80 anos. Ou seja, o governo deixar\u00e1 os mais necessitados desamparados com essa reforma e a imposi\u00e7\u00e3o de uma idade m\u00ednima elevada. Muitos, os que mais precisam, n\u00e3o conseguir\u00e3o se aposentar caso esta reforma seja aprovada nestes moldes. As pessoas que come\u00e7am a trabalhar mais cedo, as mais humildes, provavelmente n\u00e3o desfrutar\u00e3o da aposentaria\u201d, avalia.<\/p>\n<p>A nova proposta da equipe econ\u00f4mica de Temer \u00e9 a de retirar do texto que ser\u00e1 avalio no Congresso Nacional os artigos que dificultam o acesso ao Benef\u00edcio de Presta\u00e7\u00e3o Continuada (BPC) e \u00e0 aposentadoria rural. E, assim, tentar garantir a aprova\u00e7\u00e3o na C\u00e2mara dos Deputados ainda este ano. E no Senado Federal no in\u00edcio de 2018.<\/p>\n<p>\u201cA mudan\u00e7a positiva do texto foi a manuten\u00e7\u00e3o do tempo m\u00ednimo de contribui\u00e7\u00e3o para uma pessoa poder se aposentar que, segundo a nova proposta continuar\u00e1 em 15 anos, em vez dos 25 anos originalmente propostos\u201d, analisa Jo\u00e3o Badari.<\/p>\n","protected":false},"excerpt":{"rendered":"<p>O governo federal est\u00e1 tentando acelerar a aprova\u00e7\u00e3o da reforma da Previd\u00eancia a qualquer custo. E para isso est\u00e1 abrindo m\u00e3o de uma s\u00e9rie de pontos do texto original para conseguir o apoio pol\u00edtico necess\u00e1rio. Na vis\u00e3o do advogado especialista em direito previdenci\u00e1rio, Jo\u00e3o Badari, s\u00f3cio do escrit\u00f3rio Aith, Badari e Luchin Advogados, mesmo desidratada, a reforma ser\u00e1 prejudicial ao [&hellip;]<\/p>\n","protected":false},"author":27,"featured_media":0,"comment_status":"open","ping_status":"closed","sticky":false,"template":"","format":"standard","meta":{"footnotes":""},"categories":[2719],"tags":[792,1497,6859,3137,131,9726,619,9732,9728,98,9729,11,9730,7835,9731,1427,598,9727,5666,2238,1322,3088],"class_list":["post-7376","post","type-post","status-publish","format-standard","hentry","category-servidor","tag-apoio","tag-aprovacao","tag-conquista","tag-contrapartida","tag-contribuicao","tag-desidratada","tag-direitos","tag-expectativa-de-vida","tag-extingue","tag-governo","tag-idade-minima","tag-inss","tag-lpobres","tag-original","tag-periferia","tag-politico","tag-prejudica","tag-reforma-da-previdencia","tag-rural","tag-segurado","tag-texto","tag-trabalhador"],"_links":{"self":[{"href":"https:\/\/blogs.correiobraziliense.com.br\/servidor\/wp-json\/wp\/v2\/posts\/7376","targetHints":{"allow":["GET"]}}],"collection":[{"href":"https:\/\/blogs.correiobraziliense.com.br\/servidor\/wp-json\/wp\/v2\/posts"}],"about":[{"href":"https:\/\/blogs.correiobraziliense.com.br\/servidor\/wp-json\/wp\/v2\/types\/post"}],"author":[{"embeddable":true,"href":"https:\/\/blogs.correiobraziliense.com.br\/servidor\/wp-json\/wp\/v2\/users\/27"}],"replies":[{"embeddable":true,"href":"https:\/\/blogs.correiobraziliense.com.br\/servidor\/wp-json\/wp\/v2\/comments?post=7376"}],"version-history":[{"count":1,"href":"https:\/\/blogs.correiobraziliense.com.br\/servidor\/wp-json\/wp\/v2\/posts\/7376\/revisions"}],"predecessor-version":[{"id":7377,"href":"https:\/\/blogs.correiobraziliense.com.br\/servidor\/wp-json\/wp\/v2\/posts\/7376\/revisions\/7377"}],"wp:attachment":[{"href":"https:\/\/blogs.correiobraziliense.com.br\/servidor\/wp-json\/wp\/v2\/media?parent=7376"}],"wp:term":[{"taxonomy":"category","embeddable":true,"href":"https:\/\/blogs.correiobraziliense.com.br\/servidor\/wp-json\/wp\/v2\/categories?post=7376"},{"taxonomy":"post_tag","embeddable":true,"href":"https:\/\/blogs.correiobraziliense.com.br\/servidor\/wp-json\/wp\/v2\/tags?post=7376"}],"curies":[{"name":"wp","href":"https:\/\/api.w.org\/{rel}","templated":true}]}}