{"id":7374,"date":"2017-11-09T17:01:32","date_gmt":"2017-11-09T19:01:32","guid":{"rendered":"https:\/\/blogs.correiobraziliense.com.br\/servidor\/?p=7374"},"modified":"2017-11-09T17:01:32","modified_gmt":"2017-11-09T19:01:32","slug":"spu-finaliza-cadastro-para-venda-de-lotes-no-lago-azul","status":"publish","type":"post","link":"https:\/\/blogs.correiobraziliense.com.br\/servidor\/spu-finaliza-cadastro-para-venda-de-lotes-no-lago-azul\/","title":{"rendered":"SPU finaliza cadastro para venda de lotes no Lago Azul"},"content":{"rendered":"<p><em>Pr\u00f3ximos passos ser\u00e3o a transfer\u00eancia da inscri\u00e7\u00e3o de ocupa\u00e7\u00e3o para os 174 ocupantes e o registro do parcelamento no cart\u00f3rio de im\u00f3veis. Al\u00e9m do Vivendas Lago Azul, est\u00e1 prevista a regulariza\u00e7\u00e3o do Condom\u00ednio Vivendas Bela Vista, que re\u00fane 727 fam\u00edlias em Sobradinho<br \/>\n<\/em><\/p>\n<div>A Secretaria do Patrim\u00f4nio da Uni\u00e3o (SPU), do Minist\u00e9rio do Planejamento, finalizou o cadastramento dos 174 ocupantes de lotes no Condom\u00ednio Vivendas Lago Azul, na regi\u00e3o do Grande Colorado, em Sobradinho, no Distrito Federal. O cadastro \u00e9 mais uma etapa do processo de regulariza\u00e7\u00e3o fundi\u00e1ria de im\u00f3veis da Uni\u00e3o. A expectativa \u00e9 de que a venda desses im\u00f3veis aos atuais ocupantes ocorra at\u00e9 meados de 2018, previu a SPU.<\/div>\n<div><\/div>\n<div>Os pr\u00f3ximos passos ser\u00e3o a transfer\u00eancia da inscri\u00e7\u00e3o de ocupa\u00e7\u00e3o, atualmente em nome da Associa\u00e7\u00e3o de Moradores do Condom\u00ednio Vivendas Lago Azul, para os ocupantes e o registro do parcelamento no cart\u00f3rio de im\u00f3veis. A SPU tamb\u00e9m negocia com o Governo do Distrito Federal a cess\u00e3o de uma \u00e1rea para a instala\u00e7\u00e3o de equipamentos p\u00fablicos, necess\u00e1ria para a formaliza\u00e7\u00e3o do condom\u00ednio.<\/div>\n<div><\/div>\n<div>\u201cEstamos trabalhando junto com a associa\u00e7\u00e3o de moradores para regularizar a ocupa\u00e7\u00e3o desses im\u00f3veis. Nosso objetivo \u00e9 dar cidadania e seguran\u00e7a jur\u00eddica a essas pessoas\u201d, afirmou o secret\u00e1rio do patrim\u00f4nio da Uni\u00e3o, Sidrack Correia.<\/div>\n<div><\/div>\n<div>O acordo de coopera\u00e7\u00e3o t\u00e9cnica firmado entre a SPU e a associa\u00e7\u00e3o de moradores, no \u00faltimo m\u00eas de setembro,\u00a0tem possibilitado a defini\u00e7\u00e3o das a\u00e7\u00f5es para a conclus\u00e3o do processo de regulariza\u00e7\u00e3o, de acordo com o minist\u00e9rio . Coube \u00e0 associa\u00e7\u00e3o atuar junto ao Minist\u00e9rio P\u00fablico para garantir o parcelamento da \u00e1rea, para que seja feito o registro individual dos lotes\u00a0no\u00a0cart\u00f3rio.<\/div>\n<div><\/div>\n<div>\u201cHavia um questionamento do Minist\u00e9rio P\u00fablico em rela\u00e7\u00e3o \u00e0 forma de venda, por gleba ou por lote. Mas j\u00e1 estamos resolvendo isso, para que seja poss\u00edvel o registro do parcelamento\u201d, informou J\u00fania Bittencourt, presidente da associa\u00e7\u00e3o de moradores.<\/div>\n<div><\/div>\n<div>Ap\u00f3s o registro no cart\u00f3rio e a transfer\u00eancia das inscri\u00e7\u00f5es de ocupa\u00e7\u00f5es aos moradores, a SPU dever\u00e1 realizar a avalia\u00e7\u00e3o dos lotes para elaborar os contratos de compra e venda dos im\u00f3veis.<\/div>\n<div><\/div>\n<div>Al\u00e9m do Vivendas Lago Azul, est\u00e1 prevista a regulariza\u00e7\u00e3o do Condom\u00ednio Vivendas Bela Vista, que re\u00fane 727 fam\u00edlias em Sobradinho<\/div>\n","protected":false},"excerpt":{"rendered":"<p>Pr\u00f3ximos passos ser\u00e3o a transfer\u00eancia da inscri\u00e7\u00e3o de ocupa\u00e7\u00e3o para os 174 ocupantes e o registro do parcelamento no cart\u00f3rio de im\u00f3veis. Al\u00e9m do Vivendas Lago Azul, est\u00e1 prevista a regulariza\u00e7\u00e3o do Condom\u00ednio Vivendas Bela Vista, que re\u00fane 727 fam\u00edlias em Sobradinho A Secretaria do Patrim\u00f4nio da Uni\u00e3o (SPU), do Minist\u00e9rio do Planejamento, finalizou o cadastramento dos 174 ocupantes de [&hellip;]<\/p>\n","protected":false},"author":27,"featured_media":0,"comment_status":"open","ping_status":"closed","sticky":false,"template":"","format":"standard","meta":{"footnotes":""},"categories":[2719],"tags":[86,9724,9721,9720,141,2566,9722,624,149,9725,9723],"class_list":["post-7374","post","type-post","status-publish","format-standard","hentry","category-servidor","tag-cadastro","tag-condominio","tag-lago-azul","tag-lotes","tag-ministerio-do-planejamento","tag-ocupacao","tag-sobradinho","tag-spu","tag-venda","tag-vivendas-bela-vista","tag-vivendas-do-lago-azul"],"_links":{"self":[{"href":"https:\/\/blogs.correiobraziliense.com.br\/servidor\/wp-json\/wp\/v2\/posts\/7374","targetHints":{"allow":["GET"]}}],"collection":[{"href":"https:\/\/blogs.correiobraziliense.com.br\/servidor\/wp-json\/wp\/v2\/posts"}],"about":[{"href":"https:\/\/blogs.correiobraziliense.com.br\/servidor\/wp-json\/wp\/v2\/types\/post"}],"author":[{"embeddable":true,"href":"https:\/\/blogs.correiobraziliense.com.br\/servidor\/wp-json\/wp\/v2\/users\/27"}],"replies":[{"embeddable":true,"href":"https:\/\/blogs.correiobraziliense.com.br\/servidor\/wp-json\/wp\/v2\/comments?post=7374"}],"version-history":[{"count":1,"href":"https:\/\/blogs.correiobraziliense.com.br\/servidor\/wp-json\/wp\/v2\/posts\/7374\/revisions"}],"predecessor-version":[{"id":7375,"href":"https:\/\/blogs.correiobraziliense.com.br\/servidor\/wp-json\/wp\/v2\/posts\/7374\/revisions\/7375"}],"wp:attachment":[{"href":"https:\/\/blogs.correiobraziliense.com.br\/servidor\/wp-json\/wp\/v2\/media?parent=7374"}],"wp:term":[{"taxonomy":"category","embeddable":true,"href":"https:\/\/blogs.correiobraziliense.com.br\/servidor\/wp-json\/wp\/v2\/categories?post=7374"},{"taxonomy":"post_tag","embeddable":true,"href":"https:\/\/blogs.correiobraziliense.com.br\/servidor\/wp-json\/wp\/v2\/tags?post=7374"}],"curies":[{"name":"wp","href":"https:\/\/api.w.org\/{rel}","templated":true}]}}