{"id":7366,"date":"2017-11-09T12:58:30","date_gmt":"2017-11-09T14:58:30","guid":{"rendered":"https:\/\/blogs.correiobraziliense.com.br\/servidor\/?p=7366"},"modified":"2017-11-09T12:58:30","modified_gmt":"2017-11-09T14:58:30","slug":"pesquisa-cutvox-81-dos-trabalhadores-rejeitam-reforma-trabalhista","status":"publish","type":"post","link":"https:\/\/blogs.correiobraziliense.com.br\/servidor\/pesquisa-cutvox-81-dos-trabalhadores-rejeitam-reforma-trabalhista\/","title":{"rendered":"Pesquisa CUT\/Vox: 81% dos trabalhadores rejeitam reforma trabalhista"},"content":{"rendered":"<p><em>67% acham que as mudan\u00e7as na CLT s\u00e3o boas s\u00f3 para\u00a0 patr\u00f5es, 81% dos brasileiros desaprovam a nova Lei Trabalhista que entra em vigor no pr\u00f3ximo s\u00e1bado, dia 11 de novembro. Apenas 6% aprovam as mudan\u00e7as, 5% n\u00e3o aprovam nem desaprovam e 8% n\u00e3o sabem ou n\u00e3o responderam, mostra nova rodada da pesquisa CUT-VOX Populi, entre os dias 27 e 31 de outubro.<\/em><\/p>\n<p>A reforma trabalhista, encaminhada pelo presidente Michel Temer e aprovada pelo Congresso Nacional, alterou 100 itens da Consolida\u00e7\u00e3o das Leis do Trabalho (CLT). Entre as mudan\u00e7as est\u00e3o negocia\u00e7\u00f5es individuais entre patr\u00f5es e empregados, sem a presen\u00e7a do sindicato, para assinar acordos de demiss\u00e3o, jornada de trabalho, banco de horas, parcelamento de f\u00e9rias e intervalos para amamenta\u00e7\u00e3o. Outra novidade \u00e9 a legaliza\u00e7\u00e3o do contrato de trabalho sem v\u00ednculo, sem direitos e garantias, chamado de trabalho intermitente. O trabalhador s\u00f3 trabalha quando for chamado pelo patr\u00e3o, e recebe de acordo com as horas de servi\u00e7o prestadas. N\u00e3o h\u00e1 garantia nenhuma de que ser\u00e1 chamado a trabalhar.<\/p>\n<p>O maior \u00edndice de rejei\u00e7\u00e3o \u00e0s novas regras trabalhistas encontrado na pesquisa CUT\/Vox foi registrado no Sudeste (89,%). No Nordeste, a rejei\u00e7\u00e3o \u00e0s mudan\u00e7as \u00e9 de 81%; no Centro-Oeste\/Norte, 78%; e, no Sul, 60%.<\/p>\n<p>\u201cQuanto mais se informam sobre a reforma, mais os trabalhadores rejeitam as mudan\u00e7as na CLT que o empresariado mais conservador e ganancioso mandou Temer encaminhar para aprova\u00e7\u00e3o no Congresso\u201d, diz o presidente da CUT, Vagner Freitas.<\/p>\n<p>Para ele, a nova Lei Trabalhista legaliza o bico, d\u00e1 seguran\u00e7a jur\u00eddica para os maus empres\u00e1rios explorarem os trabalhadores.<\/p>\n<p>&#8220;Os altos percentuais de desaprova\u00e7\u00e3o \u00e0 \u201cnova CLT\u201d, assim chamada por parte da\u00a0 m\u00eddia conservadora, foi registrado em todos os g\u00eaneros, idades e classes sociais&#8221;, destacou Freitas.<\/p>\n<p>Confira a estratifica\u00e7\u00e3o:<\/p>\n<p>. Por g\u00eanero, as novas regras foram reprovadas por 82% das mulheres e por\u00a0\u00a0 79% dos homens.<\/p>\n<p>. Por idade, 83% entre adultos, 79% entre os jovens e 76% entre os maduros.<\/p>\n<p>. Por renda, a rejei\u00e7\u00e3o entre os que ganham mais de 2 e at\u00e9 5 sal\u00e1rio m\u00ednimos foi a mais alta, 83%; entre os que ganham at\u00e9 2 SM ficou em 80% e em 77% entre os que ganham mais de 5 SM.<\/p>\n<p>. Por escolaridade, quem cursou at\u00e9 o ensino m\u00e9dio rejeitou mais (86%), seguido pelos que t\u00eam ensino superior (79%) e 77% entre os que t\u00eam ensino fundamental.<\/p>\n<p><strong>Boa para os patr\u00f5es<\/strong><\/p>\n<p>Para 67% dos entrevistados, a nova Lei Trabalhista s\u00f3 \u00e9 boa para os patr\u00f5es. Para 1%, \u00e9 boa para os trabalhadores. Outros 6% disseram que \u00e9 boa para ambos; 15% n\u00e3o tiveram d\u00favidas em dizer que n\u00e3o \u00e9 boa para ningu\u00e9m; e 11%\u00a0 n\u00e3o souberam ou n\u00e3o quiseram responder.<\/p>\n<p>Os percentuais mais negativos ficaram com o Sudeste (76%); Centro-Oeste\/Norte, com 68%; e, Nordeste, com 65%, onde a maioria dos entrevistados acredita que as mudan\u00e7as na CLT s\u00e3o boas somente para os patr\u00f5es. No Sul, 44% respondeu que os patr\u00f5es s\u00e3o os mais beneficiados com as mudan\u00e7as.<\/p>\n<p>A nova rodada da pesquisa CUT-VOX foi realizada em 118 munic\u00edpios. Foram entrevistados 2000 brasileiros com mais de 16 anos de idade, residentes em \u00e1reas urbanas e rurais, de todos os estados e do Distrito Federal, em capitais, regi\u00f5es metropolitanas e no interior, em todos os segmentos sociais e econ\u00f4micos.<\/p>\n<p>A margem de erro \u00e9 de 2,2%, estimada em um intervalo de confian\u00e7a de 95%.<\/p>\n","protected":false},"excerpt":{"rendered":"<p>67% acham que as mudan\u00e7as na CLT s\u00e3o boas s\u00f3 para\u00a0 patr\u00f5es, 81% dos brasileiros desaprovam a nova Lei Trabalhista que entra em vigor no pr\u00f3ximo s\u00e1bado, dia 11 de novembro. Apenas 6% aprovam as mudan\u00e7as, 5% n\u00e3o aprovam nem desaprovam e 8% n\u00e3o sabem ou n\u00e3o responderam, mostra nova rodada da pesquisa CUT-VOX Populi, entre os dias 27 e [&hellip;]<\/p>\n","protected":false},"author":27,"featured_media":0,"comment_status":"open","ping_status":"closed","sticky":false,"template":"","format":"standard","meta":{"footnotes":""},"categories":[2719],"tags":[9709,2272,693,745,6020,1017,9708,891,2032,883,476,7388,7759,1623,2474,376,894,667,678,187,9253,158,5769,440,19,130],"class_list":["post-7366","post","type-post","status-publish","format-standard","hentry","category-servidor","tag-amamentacao","tag-clt","tag-congresso-nacional","tag-contrato","tag-cutvox","tag-demissao","tag-desaprovam","tag-empregados","tag-ferias","tag-horas","tag-individuais","tag-intermitente","tag-intervalos","tag-jornada","tag-michel-temer","tag-mudancas","tag-negociacoes","tag-parcelamento","tag-patroes","tag-pesquisa","tag-reforma-trabalhista","tag-rejeitam","tag-sabado","tag-sindicato","tag-trabalhadores","tag-vigor"],"_links":{"self":[{"href":"https:\/\/blogs.correiobraziliense.com.br\/servidor\/wp-json\/wp\/v2\/posts\/7366","targetHints":{"allow":["GET"]}}],"collection":[{"href":"https:\/\/blogs.correiobraziliense.com.br\/servidor\/wp-json\/wp\/v2\/posts"}],"about":[{"href":"https:\/\/blogs.correiobraziliense.com.br\/servidor\/wp-json\/wp\/v2\/types\/post"}],"author":[{"embeddable":true,"href":"https:\/\/blogs.correiobraziliense.com.br\/servidor\/wp-json\/wp\/v2\/users\/27"}],"replies":[{"embeddable":true,"href":"https:\/\/blogs.correiobraziliense.com.br\/servidor\/wp-json\/wp\/v2\/comments?post=7366"}],"version-history":[{"count":1,"href":"https:\/\/blogs.correiobraziliense.com.br\/servidor\/wp-json\/wp\/v2\/posts\/7366\/revisions"}],"predecessor-version":[{"id":7367,"href":"https:\/\/blogs.correiobraziliense.com.br\/servidor\/wp-json\/wp\/v2\/posts\/7366\/revisions\/7367"}],"wp:attachment":[{"href":"https:\/\/blogs.correiobraziliense.com.br\/servidor\/wp-json\/wp\/v2\/media?parent=7366"}],"wp:term":[{"taxonomy":"category","embeddable":true,"href":"https:\/\/blogs.correiobraziliense.com.br\/servidor\/wp-json\/wp\/v2\/categories?post=7366"},{"taxonomy":"post_tag","embeddable":true,"href":"https:\/\/blogs.correiobraziliense.com.br\/servidor\/wp-json\/wp\/v2\/tags?post=7366"}],"curies":[{"name":"wp","href":"https:\/\/api.w.org\/{rel}","templated":true}]}}