{"id":7364,"date":"2017-11-09T12:49:28","date_gmt":"2017-11-09T14:49:28","guid":{"rendered":"https:\/\/blogs.correiobraziliense.com.br\/servidor\/?p=7364"},"modified":"2017-11-09T12:49:28","modified_gmt":"2017-11-09T14:49:28","slug":"centrais-sindicais-protestam-nesta-sexta-feira-10-contra-reforma-da-previdencia","status":"publish","type":"post","link":"https:\/\/blogs.correiobraziliense.com.br\/servidor\/centrais-sindicais-protestam-nesta-sexta-feira-10-contra-reforma-da-previdencia\/","title":{"rendered":"Centrais sindicais protestam nesta sexta-feira, 10, contra reforma da Previd\u00eancia"},"content":{"rendered":"<p>Trabalhadores da For\u00e7a Sindical e das demais centrais sindicais far\u00e3o manifesta\u00e7\u00f5es nesta <span id=\"OBJ_PREFIX_DWT757_com_zimbra_date\" class=\"Object\">sexta<\/span>-feira, dia 10, em v\u00e1rias regi\u00f5es do pa\u00eds, em protesto contra a reforma da Previd\u00eancia, que retira direitos.<\/p>\n<p>Em S\u00e3o Paulo, o principal ato deste Dia Nacional de Paralisa\u00e7\u00e3o contra a reforma da Previd\u00eancia <span id=\"OBJ_PREFIX_DWT758_com_zimbra_date\" class=\"Object\">ter<\/span>\u00e1 concentra\u00e7\u00e3o na Pra\u00e7a da S\u00e9, a partir das 10 horas.<\/p>\n<p>Em outros Estados:<\/p>\n<p><b>Acre \u2013<\/b> Em frente ao Pal\u00e1cio Rio Branco \u2013 sede do governo estadual \u2013 Brasil, rua Benjamin Constant \u2013 Centro, AC \u2013 a partir das 9 horas.<br \/>\n<b>Alagoas \u2013<\/b> Pra\u00e7a Centen\u00e1rio. Em seguida os manifestantes percorrer\u00e3o o centro de Macei\u00f3, terminando na Assembleia Legislativa do Estado \u2013 a partir das 9 horas.<br \/>\n<b>Distrito Federal \u2013<\/b> Esplanada dos Minist\u00e9rios \u2013 a partir das 12 horas.<br \/>\n<b>Esp\u00edrito Santo \u2013<\/b> Concentra\u00e7\u00e3o na Pra\u00e7a 8, com caminhada at\u00e9 a Justi\u00e7a do Trabalho (Parque Moscoso), a partir das 12 horas. Concentra\u00e7\u00e3o na UFES, com ato pol\u00edtico \u00e0s 17 horas.<br \/>\n<b>Goi\u00e1s \u2013<\/b> An\u00e1polis \u2013 Polo industrial \u2013 30 mil trabalhadores v\u00e3o parar a partir das 6 horas e, depois, caminhada por todo o Polo, onde as atividades ser\u00e3o paralisadas.<br \/>\n<b>Maranh\u00e3o \u2013<\/b> Unit\u00e1rio \u2013 Interdi\u00e7\u00e3o da Barragem do Bacanga. A partir das 5 horas, concentra\u00e7\u00e3o. \u00c0s 10 horas, caminhada at\u00e9 o Anel Vi\u00e1rio, nas imedia\u00e7\u00f5es do Centro Hist\u00f3rico.<br \/>\n<b>Mato Grosso \u2013<\/b> Pra\u00e7a da Rep\u00fablica (em frente \u00e0 prefeitura de Cuiab\u00e1) \u2013 a partir das 15 horas.<br \/>\n<b>Mato Grosso do Sul \u2013<\/b> Em frente \u00e0 Superintend\u00eancia do Trabalho de Campo Grande \u2013 a partir das 8 horas.<br \/>\n<b>Minas Gerais \u2013<\/b> Ato unit\u00e1rio na Pra\u00e7a Sete, em Belo Horizonte \u2013 a partir das 11 horas.<br \/>\n<b>Par\u00e1 \u2013<\/b> Ato unit\u00e1rio, a partir das 8 horas, na Pra\u00e7a Brasil, em frente ao Tribunal do Trabalho, seguindo, depois, em passeata at\u00e9 o Mercado Ver o Peso, em Bel\u00e9m.<br \/>\n<b>Paran\u00e1 \u2013<\/b> Diversas categorias das sete maiores centrais sindicais do Brasil. Os metal\u00fargicos far\u00e3o um grande ato na Boca Maldita, centro de Curitiba, a partir das 11 horas.<br \/>\n<b>Pernambuco \u2013<\/b> Pra\u00e7a do Derby \u2013 Recife, PE \u2013 concentra\u00e7\u00e3o a partir das 9 horas.<br \/>\n<b>Rio<span id=\"OBJ_PREFIX_DWT759_com_zimbra_date\" class=\"Object\"> de Janeiro<\/span> \u2013<\/b> Caminhada da Candel\u00e1ria at\u00e9 a Cinel\u00e2ndia, no Centro do Rio \u2013 a partir das 16 horas.<br \/>\n<b>Rio Grande do Sul \u2013<\/b> Concentra\u00e7\u00e3o na Justi\u00e7a do Trabalho, \u00e0s 14 horas, seguindo, em seguida, para o centro de Porto Alegre, na Esquina Democr\u00e1tica \u2013 ato unit\u00e1rio a partir das 8 horas.<br \/>\n<b>Santa Catarina \u2013<\/b> Cada sindicato far\u00e1 panfletagem em sua base.<br \/>\n<b>S\u00e3o Paulo<br \/>\nCapital \u2013<\/b> Concentra\u00e7\u00e3o na Pra\u00e7a da S\u00e9, \u00e0s 10 horas.<br \/>\n<b>Ribeir\u00e3o Preto \u2013<\/b> Em frente ao Terminal Rodovi\u00e1rio de Ribeir\u00e3o Preto, localizado na Av. Jer\u00f4nimo Gon\u00e7alves, 640 \u2013 Centro \u2013 a partir das 6 horas.<br \/>\n<b>Sergipe \u2013<\/b> A For\u00e7a Sindical realizar\u00e1 um ato a partir das 7h30, saindo da av. Bar\u00e3o de Maru\u00ed (Estadual) at\u00e9 a Pra\u00e7a Fasto Cardo.<br \/>\n<b>Tocantins \u2013<\/b> Concentra\u00e7\u00e3o, a partir das 9 horas, na Ag\u00eancia da Caixa Econ\u00f4mica Federal, Quadra 104 Sul, rua SE 01 (ponto da Ambira, centro \u2013 Palmas).<\/p>\n","protected":false},"excerpt":{"rendered":"<p>Trabalhadores da For\u00e7a Sindical e das demais centrais sindicais far\u00e3o manifesta\u00e7\u00f5es nesta sexta-feira, dia 10, em v\u00e1rias regi\u00f5es do pa\u00eds, em protesto contra a reforma da Previd\u00eancia, que retira direitos. Em S\u00e3o Paulo, o principal ato deste Dia Nacional de Paralisa\u00e7\u00e3o contra a reforma da Previd\u00eancia ter\u00e1 concentra\u00e7\u00e3o na Pra\u00e7a da S\u00e9, a partir das 10 horas. Em outros Estados: [&hellip;]<\/p>\n","protected":false},"author":27,"featured_media":0,"comment_status":"open","ping_status":"closed","sticky":false,"template":"","format":"standard","meta":{"footnotes":""},"categories":[2719],"tags":[1259,5382,943,1734,549,9707,711,1260],"class_list":["post-7364","post","type-post","status-publish","format-standard","hentry","category-servidor","tag-centrais","tag-dia-nacional-de-paralisacao","tag-estados","tag-manifestacoes","tag-previdencia","tag-pro9testam","tag-reforma","tag-sindicais"],"_links":{"self":[{"href":"https:\/\/blogs.correiobraziliense.com.br\/servidor\/wp-json\/wp\/v2\/posts\/7364","targetHints":{"allow":["GET"]}}],"collection":[{"href":"https:\/\/blogs.correiobraziliense.com.br\/servidor\/wp-json\/wp\/v2\/posts"}],"about":[{"href":"https:\/\/blogs.correiobraziliense.com.br\/servidor\/wp-json\/wp\/v2\/types\/post"}],"author":[{"embeddable":true,"href":"https:\/\/blogs.correiobraziliense.com.br\/servidor\/wp-json\/wp\/v2\/users\/27"}],"replies":[{"embeddable":true,"href":"https:\/\/blogs.correiobraziliense.com.br\/servidor\/wp-json\/wp\/v2\/comments?post=7364"}],"version-history":[{"count":1,"href":"https:\/\/blogs.correiobraziliense.com.br\/servidor\/wp-json\/wp\/v2\/posts\/7364\/revisions"}],"predecessor-version":[{"id":7365,"href":"https:\/\/blogs.correiobraziliense.com.br\/servidor\/wp-json\/wp\/v2\/posts\/7364\/revisions\/7365"}],"wp:attachment":[{"href":"https:\/\/blogs.correiobraziliense.com.br\/servidor\/wp-json\/wp\/v2\/media?parent=7364"}],"wp:term":[{"taxonomy":"category","embeddable":true,"href":"https:\/\/blogs.correiobraziliense.com.br\/servidor\/wp-json\/wp\/v2\/categories?post=7364"},{"taxonomy":"post_tag","embeddable":true,"href":"https:\/\/blogs.correiobraziliense.com.br\/servidor\/wp-json\/wp\/v2\/tags?post=7364"}],"curies":[{"name":"wp","href":"https:\/\/api.w.org\/{rel}","templated":true}]}}