{"id":7352,"date":"2017-11-08T20:34:20","date_gmt":"2017-11-08T22:34:20","guid":{"rendered":"https:\/\/blogs.correiobraziliense.com.br\/servidor\/?p=7352"},"modified":"2017-11-08T20:34:20","modified_gmt":"2017-11-08T22:34:20","slug":"nota-de-desagravo-anpr-manifesta-apoio-eduardo-pelella","status":"publish","type":"post","link":"https:\/\/blogs.correiobraziliense.com.br\/servidor\/nota-de-desagravo-anpr-manifesta-apoio-eduardo-pelella\/","title":{"rendered":"Nota de desagravo: ANPR manifesta apoio a Eduardo Pelella"},"content":{"rendered":"<p><em>A Associa\u00e7\u00e3o Nacional dos Procuradores da Rep\u00fablica (ANPR) afirma que reportagem que acusa o procurador de tirar &#8220;esqueletos do arm\u00e1rio&#8221; \u00e9 mais uma tentativa de manchar o trabalho do MPF<\/em><\/p>\n<p>Veja a nota:<\/p>\n<p>&#8220;A Associa\u00e7\u00e3o Nacional dos Procuradores da Rep\u00fablica (ANPR) vem a p\u00fablico desagravar o procurador regional da Rep\u00fablica Eduardo Pelella de acusa\u00e7\u00f5es que constam na reportagem intitulada \u201cProcurador diz que bra\u00e7o direito de Janot falou em tirar \u2018esqueletos do arm\u00e1rio\u2019\u201d, desta quarta-feira, 8, na Folha de S\u00e3o Paulo.<\/p>\n<p>A reportagem relata supostas conversas, sem qualquer ind\u00edcio de prova, reveladas com o intuito de desacreditar o trabalho de um membro do Minist\u00e9rio P\u00fablico Federal. Alvo dos ataques, Eduardo Pelella nega as acusa\u00e7\u00f5es veementemente. Com aproximadamente 15 anos de Minist\u00e9rio P\u00fablico, o procurador regional da Rep\u00fablica conta com o respeito e a admira\u00e7\u00e3o de seus pares, sendo importante enfatizar que n\u00e3o est\u00e1 sob investiga\u00e7\u00e3o.<\/p>\n<p>As reiteradas tentativas de manchar o trabalho do MPF traduzem-se em estrat\u00e9gia recorrente por parte de investigados, que buscam assim lan\u00e7ar suspeitas sobre os investigadores. A ANPR assegura a sociedade brasileira de que os procuradores da Rep\u00fablica exercem suas atribui\u00e7\u00f5es constitucionais diuturnamente, de forma impessoal e t\u00e9cnica.<\/p>\n<p>Jos\u00e9 Robalinho Cavalcanti<br \/>\nProcurador Regional da Rep\u00fablica<br \/>\nPresidente da ANPR&#8221;<\/p>\n","protected":false},"excerpt":{"rendered":"<p>A Associa\u00e7\u00e3o Nacional dos Procuradores da Rep\u00fablica (ANPR) afirma que reportagem que acusa o procurador de tirar &#8220;esqueletos do arm\u00e1rio&#8221; \u00e9 mais uma tentativa de manchar o trabalho do MPF Veja a nota: &#8220;A Associa\u00e7\u00e3o Nacional dos Procuradores da Rep\u00fablica (ANPR) vem a p\u00fablico desagravar o procurador regional da Rep\u00fablica Eduardo Pelella de acusa\u00e7\u00f5es que constam na reportagem intitulada \u201cProcurador [&hellip;]<\/p>\n","protected":false},"author":27,"featured_media":0,"comment_status":"open","ping_status":"closed","sticky":false,"template":"","format":"standard","meta":{"footnotes":""},"categories":[2719],"tags":[7963,4959,2866,1315,2141,9689,9690,722,453,3628,351],"class_list":["post-7352","post","type-post","status-publish","format-standard","hentry","category-servidor","tag-acusacoes","tag-anpr","tag-ataques","tag-atribuicoes","tag-constitucionais","tag-desagravo","tag-eduardo-pelella","tag-investigacao","tag-mpf","tag-procurador","tag-sociedade"],"_links":{"self":[{"href":"https:\/\/blogs.correiobraziliense.com.br\/servidor\/wp-json\/wp\/v2\/posts\/7352","targetHints":{"allow":["GET"]}}],"collection":[{"href":"https:\/\/blogs.correiobraziliense.com.br\/servidor\/wp-json\/wp\/v2\/posts"}],"about":[{"href":"https:\/\/blogs.correiobraziliense.com.br\/servidor\/wp-json\/wp\/v2\/types\/post"}],"author":[{"embeddable":true,"href":"https:\/\/blogs.correiobraziliense.com.br\/servidor\/wp-json\/wp\/v2\/users\/27"}],"replies":[{"embeddable":true,"href":"https:\/\/blogs.correiobraziliense.com.br\/servidor\/wp-json\/wp\/v2\/comments?post=7352"}],"version-history":[{"count":1,"href":"https:\/\/blogs.correiobraziliense.com.br\/servidor\/wp-json\/wp\/v2\/posts\/7352\/revisions"}],"predecessor-version":[{"id":7353,"href":"https:\/\/blogs.correiobraziliense.com.br\/servidor\/wp-json\/wp\/v2\/posts\/7352\/revisions\/7353"}],"wp:attachment":[{"href":"https:\/\/blogs.correiobraziliense.com.br\/servidor\/wp-json\/wp\/v2\/media?parent=7352"}],"wp:term":[{"taxonomy":"category","embeddable":true,"href":"https:\/\/blogs.correiobraziliense.com.br\/servidor\/wp-json\/wp\/v2\/categories?post=7352"},{"taxonomy":"post_tag","embeddable":true,"href":"https:\/\/blogs.correiobraziliense.com.br\/servidor\/wp-json\/wp\/v2\/tags?post=7352"}],"curies":[{"name":"wp","href":"https:\/\/api.w.org\/{rel}","templated":true}]}}