{"id":7350,"date":"2017-11-08T20:28:55","date_gmt":"2017-11-08T22:28:55","guid":{"rendered":"https:\/\/blogs.correiobraziliense.com.br\/servidor\/?p=7350"},"modified":"2017-11-08T20:28:55","modified_gmt":"2017-11-08T22:28:55","slug":"adpf-deseja-sorte-ao-novo-diretor-geral-da-policia-federal","status":"publish","type":"post","link":"https:\/\/blogs.correiobraziliense.com.br\/servidor\/adpf-deseja-sorte-ao-novo-diretor-geral-da-policia-federal\/","title":{"rendered":"ADPF deseja sorte ao novo diretor-geral da Pol\u00edcia Federal"},"content":{"rendered":"<p>Por meio de nota, a Associa\u00e7\u00e3o Nacional dos Delegados de Pol\u00edcia Federal (ADPF) deseja sorte e sucesso ao novo diretor-geral, o delegado Federal Fernando Seg\u00f3via, &#8220;servidor p\u00fablico com mais de duas d\u00e9cadas dedicadas \u00e0 Pol\u00edcia Federal&#8221;.<\/p>\n<p>&#8220;Conforme mencionado reiteradas vezes, a ADPF tem como uma de suas principais bandeiras a mudan\u00e7a na forma de escolha do diretor geral da Pol\u00edcia Federal, sempre por meio de lista tr\u00edplice, votada pelos delegados federais integrantes da carreira, assim como vem acontecendo em outras institui\u00e7\u00f5es.<\/p>\n<p>Ao tempo que manifesta a sua disposi\u00e7\u00e3o em continuar defendendo um processo de mudan\u00e7a cultural e legislativa na escolha do dirigente m\u00e1ximo da Pol\u00edcia Federal, inclusive com previs\u00e3o de mandato, a entidade reafirma a disposi\u00e7\u00e3o de dialogar e colaborar com o novo diretor-geral na busca do fortalecimento do \u00f3rg\u00e3o e aprimoramento dos mecanismos de combate \u00e0 corrup\u00e7\u00e3o.<\/p>\n<p>ADPF \u2013 Associa\u00e7\u00e3o Nacional dos Delegados de Pol\u00edcia Federal&#8221;<\/p>\n","protected":false},"excerpt":{"rendered":"<p>Por meio de nota, a Associa\u00e7\u00e3o Nacional dos Delegados de Pol\u00edcia Federal (ADPF) deseja sorte e sucesso ao novo diretor-geral, o delegado Federal Fernando Seg\u00f3via, &#8220;servidor p\u00fablico com mais de duas d\u00e9cadas dedicadas \u00e0 Pol\u00edcia Federal&#8221;. &#8220;Conforme mencionado reiteradas vezes, a ADPF tem como uma de suas principais bandeiras a mudan\u00e7a na forma de escolha do diretor geral da Pol\u00edcia [&hellip;]<\/p>\n","protected":false},"author":27,"featured_media":0,"comment_status":"open","ping_status":"closed","sticky":false,"template":"","format":"standard","meta":{"footnotes":""},"categories":[2719],"tags":[348,9688,188,2355,5006,986,319,104,241,8,9687,987],"class_list":["post-7350","post","type-post","status-publish","format-standard","hentry","category-servidor","tag-adpf","tag-banderia","tag-carreira","tag-delegado","tag-diretor-geral","tag-lista","tag-pf","tag-policia-federal","tag-publico","tag-servidor","tag-sorte","tag-triplice"],"_links":{"self":[{"href":"https:\/\/blogs.correiobraziliense.com.br\/servidor\/wp-json\/wp\/v2\/posts\/7350","targetHints":{"allow":["GET"]}}],"collection":[{"href":"https:\/\/blogs.correiobraziliense.com.br\/servidor\/wp-json\/wp\/v2\/posts"}],"about":[{"href":"https:\/\/blogs.correiobraziliense.com.br\/servidor\/wp-json\/wp\/v2\/types\/post"}],"author":[{"embeddable":true,"href":"https:\/\/blogs.correiobraziliense.com.br\/servidor\/wp-json\/wp\/v2\/users\/27"}],"replies":[{"embeddable":true,"href":"https:\/\/blogs.correiobraziliense.com.br\/servidor\/wp-json\/wp\/v2\/comments?post=7350"}],"version-history":[{"count":1,"href":"https:\/\/blogs.correiobraziliense.com.br\/servidor\/wp-json\/wp\/v2\/posts\/7350\/revisions"}],"predecessor-version":[{"id":7351,"href":"https:\/\/blogs.correiobraziliense.com.br\/servidor\/wp-json\/wp\/v2\/posts\/7350\/revisions\/7351"}],"wp:attachment":[{"href":"https:\/\/blogs.correiobraziliense.com.br\/servidor\/wp-json\/wp\/v2\/media?parent=7350"}],"wp:term":[{"taxonomy":"category","embeddable":true,"href":"https:\/\/blogs.correiobraziliense.com.br\/servidor\/wp-json\/wp\/v2\/categories?post=7350"},{"taxonomy":"post_tag","embeddable":true,"href":"https:\/\/blogs.correiobraziliense.com.br\/servidor\/wp-json\/wp\/v2\/tags?post=7350"}],"curies":[{"name":"wp","href":"https:\/\/api.w.org\/{rel}","templated":true}]}}