{"id":7341,"date":"2017-11-08T16:11:27","date_gmt":"2017-11-08T18:11:27","guid":{"rendered":"https:\/\/blogs.correiobraziliense.com.br\/servidor\/?p=7341"},"modified":"2017-11-08T16:11:27","modified_gmt":"2017-11-08T18:11:27","slug":"governo-troca-comando-da-policia-federal","status":"publish","type":"post","link":"https:\/\/blogs.correiobraziliense.com.br\/servidor\/governo-troca-comando-da-policia-federal\/","title":{"rendered":"Governo troca comando da Pol\u00edcia Federal"},"content":{"rendered":"<p>Por meio de nota, o\u00a0 Minist\u00e9rio da Justi\u00e7a comunica que o residente Michel Temer nomeou o delegado Fernando Seg\u00f3via como novo diretor-geral do Departamento de Pol\u00edcia Federal.<\/p>\n<p>Veja a nota:<\/p>\n<p>&#8220;O Minist\u00e9rio da Justi\u00e7a comunica que o senhor Presidente da Rep\u00fablica escolheu nomear o Delegado Fernando Seg\u00f3via como novo diretor-geral do Departamento de Pol\u00edcia Federal.<\/p>\n<p>Nesta mesma oportunidade, o ministro da Justi\u00e7a expressa ao delegado Leandro Daiello seu agradecimento pessoal e institucional pela competente e admir\u00e1vel administra\u00e7\u00e3o da Pol\u00edcia Federal nos \u00faltimos seis anos e dez meses.<\/p>\n<p>O delegado Fernando Seg\u00f3via \u00e9 advogado formado pela Universidade de Bras\u00edlia, com experi\u00eancia de 22 anos na carreira. Foi superintendente regional da PF no Maranh\u00e3o e adido policial na Rep\u00fablica da \u00c1frica do Sul, tendo exercido parcela importante de sua carreira em diferentes fun\u00e7\u00f5es de intelig\u00eancia nas fronteiras do Brasil.&#8221;<\/p>\n","protected":false},"excerpt":{"rendered":"<p>Por meio de nota, o\u00a0 Minist\u00e9rio da Justi\u00e7a comunica que o residente Michel Temer nomeou o delegado Fernando Seg\u00f3via como novo diretor-geral do Departamento de Pol\u00edcia Federal. Veja a nota: &#8220;O Minist\u00e9rio da Justi\u00e7a comunica que o senhor Presidente da Rep\u00fablica escolheu nomear o Delegado Fernando Seg\u00f3via como novo diretor-geral do Departamento de Pol\u00edcia Federal. Nesta mesma oportunidade, o ministro [&hellip;]<\/p>\n","protected":false},"author":27,"featured_media":0,"comment_status":"open","ping_status":"closed","sticky":false,"template":"","format":"standard","meta":{"footnotes":""},"categories":[2719],"tags":[1776,5006,98,3982,104,1862],"class_list":["post-7341","post","type-post","status-publish","format-standard","hentry","category-servidor","tag-comando","tag-diretor-geral","tag-governo","tag-leandro-daiello","tag-policia-federal","tag-troca"],"_links":{"self":[{"href":"https:\/\/blogs.correiobraziliense.com.br\/servidor\/wp-json\/wp\/v2\/posts\/7341","targetHints":{"allow":["GET"]}}],"collection":[{"href":"https:\/\/blogs.correiobraziliense.com.br\/servidor\/wp-json\/wp\/v2\/posts"}],"about":[{"href":"https:\/\/blogs.correiobraziliense.com.br\/servidor\/wp-json\/wp\/v2\/types\/post"}],"author":[{"embeddable":true,"href":"https:\/\/blogs.correiobraziliense.com.br\/servidor\/wp-json\/wp\/v2\/users\/27"}],"replies":[{"embeddable":true,"href":"https:\/\/blogs.correiobraziliense.com.br\/servidor\/wp-json\/wp\/v2\/comments?post=7341"}],"version-history":[{"count":1,"href":"https:\/\/blogs.correiobraziliense.com.br\/servidor\/wp-json\/wp\/v2\/posts\/7341\/revisions"}],"predecessor-version":[{"id":7342,"href":"https:\/\/blogs.correiobraziliense.com.br\/servidor\/wp-json\/wp\/v2\/posts\/7341\/revisions\/7342"}],"wp:attachment":[{"href":"https:\/\/blogs.correiobraziliense.com.br\/servidor\/wp-json\/wp\/v2\/media?parent=7341"}],"wp:term":[{"taxonomy":"category","embeddable":true,"href":"https:\/\/blogs.correiobraziliense.com.br\/servidor\/wp-json\/wp\/v2\/categories?post=7341"},{"taxonomy":"post_tag","embeddable":true,"href":"https:\/\/blogs.correiobraziliense.com.br\/servidor\/wp-json\/wp\/v2\/tags?post=7341"}],"curies":[{"name":"wp","href":"https:\/\/api.w.org\/{rel}","templated":true}]}}