{"id":7321,"date":"2017-11-07T15:54:26","date_gmt":"2017-11-07T17:54:26","guid":{"rendered":"https:\/\/blogs.correiobraziliense.com.br\/servidor\/?p=7321"},"modified":"2017-11-07T15:54:26","modified_gmt":"2017-11-07T17:54:26","slug":"por-unanimidade-conselho-superior-do-mpf-defende-rejeicao-da-pec-4122009","status":"publish","type":"post","link":"https:\/\/blogs.correiobraziliense.com.br\/servidor\/por-unanimidade-conselho-superior-do-mpf-defende-rejeicao-da-pec-4122009\/","title":{"rendered":"Por unanimidade, Conselho Superior do MPF defende rejei\u00e7\u00e3o da PEC 412\/2009"},"content":{"rendered":"<p><em>Documento que questiona a constitucionalidade da emenda foi encaminhado nesta ter\u00e7a-feira (7) \u00e0 C\u00e2mara dos Deputados<\/em><\/p>\n<p>Em sess\u00e3o ordin\u00e1ria, nesta ter\u00e7a-feira (7), o Conselho Superior do Minist\u00e9rio P\u00fablico Federal (CSMPF) aprovou, por unanimidade, uma comunica\u00e7\u00e3o oficial em que pela rejei\u00e7\u00e3o da Proposta de Emenda Constitucional (PEC) 412\/2009. O texto prev\u00ea a autonomia funcional e administrativa \u00e0 Pol\u00edcia Federal. \u201cA proposta vai contra todo o arcabou\u00e7o constru\u00eddo pelo Constituinte origin\u00e1rio para dar sustentabilidade \u00e0s institui\u00e7\u00f5es democr\u00e1ticas nacionais\u201d, afirmam os conselheiros em um dos trechos do documento.<\/p>\n<p>O entendimento do CSMPF \u00e9 de que, caso seja aprovada, a PEC afetar\u00e1 o controle externo da atividade policial exercido constitucionalmente pelo Minist\u00e9rio P\u00fablico (MP), assim como o exerc\u00edcio da supervis\u00e3o da investiga\u00e7\u00e3o criminal realizado pelo \u00f3rg\u00e3o na qualidade de titular privativo da a\u00e7\u00e3o penal.<\/p>\n<p>Ainda, segundo o texto enviado ao presidente da Comiss\u00e3o, deputado Rodrigo Pacheco, a autonomia funcional, administrativa e financeira da Pol\u00edcia Federal fragiliza o sistema democr\u00e1tico por retirar uma institui\u00e7\u00e3o armada da categoria de \u00f3rg\u00e3o do Minist\u00e9rio da Justi\u00e7a (com a subordina\u00e7\u00e3o e hierarquia pr\u00f3prios) e coloc\u00e1-la num patamar em que suas a\u00e7\u00f5es ser\u00e3o definidas apenas de modo interno. \u201cO que se est\u00e1 pretendendo por meio da PEC 412\/2009 n\u00e3o encontra paralelo no mundo todo. N\u00e3o h\u00e1 qualquer exemplo hist\u00f3rico e no direito comparado que tenha admitido uma institui\u00e7\u00e3o armada aut\u00f4noma em rela\u00e7\u00e3o aos poderes democraticamente constru\u00eddos, o que, por si s\u00f3, j\u00e1 \u00e9 indicativo de qu\u00e3o temer\u00e1ria \u00e9 a proposta\u201d.<\/p>\n<p>A PEC 412\/2009 foi inclu\u00edda na sess\u00e3o do CSMPF a pedido do subprocurador-geral da Rep\u00fablica Mario Luiz Bonsaglia, que acompanhava a tramita\u00e7\u00e3o da mat\u00e9ria e informou aos conselheiros sobre a sua inclus\u00e3o na pauta da sess\u00e3o extraordin\u00e1ria da CCJC, agendada para esta ter\u00e7a-feira (7). O documento foi levado \u00e0 C\u00e2mara dos Deputados pelo secret\u00e1rio de rela\u00e7\u00f5es institucionais do MPF, Carlos Vilhena, ainda durante a sess\u00e3o do Conselho Superior.<\/p>\n","protected":false},"excerpt":{"rendered":"<p>Documento que questiona a constitucionalidade da emenda foi encaminhado nesta ter\u00e7a-feira (7) \u00e0 C\u00e2mara dos Deputados Em sess\u00e3o ordin\u00e1ria, nesta ter\u00e7a-feira (7), o Conselho Superior do Minist\u00e9rio P\u00fablico Federal (CSMPF) aprovou, por unanimidade, uma comunica\u00e7\u00e3o oficial em que pela rejei\u00e7\u00e3o da Proposta de Emenda Constitucional (PEC) 412\/2009. O texto prev\u00ea a autonomia funcional e administrativa \u00e0 Pol\u00edcia Federal. \u201cA proposta [&hellip;]<\/p>\n","protected":false},"author":27,"featured_media":0,"comment_status":"open","ping_status":"closed","sticky":false,"template":"","format":"standard","meta":{"footnotes":""},"categories":[2719],"tags":[1314,6907,3454,1308,61,1648,2584,2737,5630,6704,1807,1313,9650,311,989,722,1973,453,1472,1116,319,104,4164,2771,2010,3231,2440],"class_list":["post-7321","post","type-post","status-publish","format-standard","hentry","category-servidor","tag-administrativa","tag-armada","tag-atividade","tag-autonomia","tag-camara","tag-ccjc","tag-constituicao","tag-criminal","tag-csmpf","tag-exemplo","tag-financeira","tag-funcional","tag-hierarquica","tag-historico","tag-instituicao","tag-investigacao","tag-ministerio-da-justica","tag-mpf","tag-mundo","tag-pec-4122009","tag-pf","tag-policia-federal","tag-policial","tag-rejeicao","tag-subordinacao","tag-sustentabilidade","tag-unanimidade"],"_links":{"self":[{"href":"https:\/\/blogs.correiobraziliense.com.br\/servidor\/wp-json\/wp\/v2\/posts\/7321","targetHints":{"allow":["GET"]}}],"collection":[{"href":"https:\/\/blogs.correiobraziliense.com.br\/servidor\/wp-json\/wp\/v2\/posts"}],"about":[{"href":"https:\/\/blogs.correiobraziliense.com.br\/servidor\/wp-json\/wp\/v2\/types\/post"}],"author":[{"embeddable":true,"href":"https:\/\/blogs.correiobraziliense.com.br\/servidor\/wp-json\/wp\/v2\/users\/27"}],"replies":[{"embeddable":true,"href":"https:\/\/blogs.correiobraziliense.com.br\/servidor\/wp-json\/wp\/v2\/comments?post=7321"}],"version-history":[{"count":1,"href":"https:\/\/blogs.correiobraziliense.com.br\/servidor\/wp-json\/wp\/v2\/posts\/7321\/revisions"}],"predecessor-version":[{"id":7322,"href":"https:\/\/blogs.correiobraziliense.com.br\/servidor\/wp-json\/wp\/v2\/posts\/7321\/revisions\/7322"}],"wp:attachment":[{"href":"https:\/\/blogs.correiobraziliense.com.br\/servidor\/wp-json\/wp\/v2\/media?parent=7321"}],"wp:term":[{"taxonomy":"category","embeddable":true,"href":"https:\/\/blogs.correiobraziliense.com.br\/servidor\/wp-json\/wp\/v2\/categories?post=7321"},{"taxonomy":"post_tag","embeddable":true,"href":"https:\/\/blogs.correiobraziliense.com.br\/servidor\/wp-json\/wp\/v2\/tags?post=7321"}],"curies":[{"name":"wp","href":"https:\/\/api.w.org\/{rel}","templated":true}]}}