{"id":7274,"date":"2017-11-04T08:00:06","date_gmt":"2017-11-04T10:00:06","guid":{"rendered":"https:\/\/blogs.correiobraziliense.com.br\/servidor\/?p=7274"},"modified":"2017-11-03T21:58:54","modified_gmt":"2017-11-03T23:58:54","slug":"aumento-previdenciario-e-descumprimento-dos-reajustes-do-servidor-publico-federal-onde-esta-o-erro","status":"publish","type":"post","link":"https:\/\/blogs.correiobraziliense.com.br\/servidor\/aumento-previdenciario-e-descumprimento-dos-reajustes-do-servidor-publico-federal-onde-esta-o-erro\/","title":{"rendered":"Aumento previdenci\u00e1rio e descumprimento dos reajustes do servidor p\u00fablico federal: onde est\u00e1 o erro?"},"content":{"rendered":"<div dir=\"auto\"><em>&#8220;Em uma canetada, Poder Executivo atropela Congresso Nacional, institui adicional de contribui\u00e7\u00e3o previdenci\u00e1ria e n\u00e3o cumpre reajustes garantidos em leis e acordos com categorias do servi\u00e7o p\u00fablico federal&#8221;<\/em><\/div>\n<div dir=\"auto\"><\/div>\n<div dir=\"auto\"><em><strong>Rudi Cassel*<\/strong><\/em><\/div>\n<div dir=\"auto\"><\/div>\n<div dir=\"auto\">\u200bAumento de contribui\u00e7\u00e3o previdenci\u00e1ria do servidor p\u00fablico por faixa remunerat\u00f3ria, leis federais descartadas, seguran\u00e7a jur\u00eddica anulada. Vivemos tempos estranhos. E na evolu\u00e7\u00e3o desse estranhamento surge a Medida Provis\u00f3ria n\u00ba 805, publicada na edi\u00e7\u00e3o extra do Di\u00e1rio Oficial da Uni\u00e3o de 30 de outubro de 2017.<\/div>\n<div dir=\"auto\"><\/div>\n<div dir=\"auto\">Na quase-lei de exce\u00e7\u00e3o, o conjunto de arbitrariedades surpreendem pela ousadia inconstitucional. No passado, o Poder Judici\u00e1rio julgou, reiteradamente, uma s\u00e9rie de a\u00e7\u00f5es individuais e coletivas contra o aumento de al\u00edquotas previdenci\u00e1rias (por faixa remunerat\u00f3ria) pretendido pela Lei 9.783\/99. Ap\u00f3s uma infinidade de liminares e senten\u00e7as contr\u00e1rias \u00e0 progressividade contributiva dos servidores, o Supremo Tribunal Federal (STF) pacificou o entendimento pela inconstitucionalidade da medida.<\/div>\n<div dir=\"auto\"><\/div>\n<div dir=\"auto\">N\u00e3o foi suficiente. A MP 805 volta ao mesmo ponto. A partir de 1\u00ba de fevereiro de 2018, aumenta-se a al\u00edquota previdenci\u00e1ria de 11% para 14%, incidente sobre a parcela remunerat\u00f3ria que ultrapasse o teto de benef\u00edcio do Regime Geral de Previd\u00eancia Social (RGPS, hoje, de R$ 5.531,31). A Constitui\u00e7\u00e3o da Rep\u00fablica n\u00e3o permite o procedimento, mas nos \u00faltimos tempos esse tipo de proibi\u00e7\u00e3o parece irrelevante.<\/div>\n<div dir=\"auto\"><\/div>\n<div dir=\"auto\">Sobre o calote ou &#8220;posterga\u00e7\u00e3o&#8221; dos reajustes previstos em leis anteriores, v\u00e1rias carreiras federais s\u00e3o atingidas: Carreiras Jur\u00eddicas, da Seguran\u00e7a, da Sa\u00fade, da Receita, da Educa\u00e7\u00e3o, entre outras. Os aumentos parcelados para 2018 e 2019 foram redirecionados para 2019 e 2020. Violaram-se reajustes precedidos de acordos formais entre entidades sindicais representativas de categoria e o Governo Federal.<\/div>\n<div dir=\"auto\"><\/div>\n<div dir=\"auto\">Sem confian\u00e7a nos atos do Poder P\u00fablico, um Estado de Direito n\u00e3o se sustenta. A raz\u00e3o de sua exist\u00eancia \u00e9 a obedi\u00eancia aos par\u00e2metros legislados, o que o diferencia do Estado Absolutista. A formata\u00e7\u00e3o come\u00e7a na Constitui\u00e7\u00e3o e termina nos m\u00ednimos regulamentos, envolvendo at\u00e9 a decis\u00e3o do juiz, se necess\u00e1ria.<\/div>\n<div dir=\"auto\"><\/div>\n<div dir=\"auto\">Quando o exemplo do descumprimento dessas regras \u00e9 patrocinado pelo governo, tudo se torna poss\u00edvel. De uma pretensa civiliza\u00e7\u00e3o para a selvageria, o espa\u00e7o \u00e9 o de uma medida provis\u00f3ria com quarenta artigos.<\/div>\n<div dir=\"auto\"><\/div>\n<div dir=\"auto\"><em> *Rudi Casse<\/em>l &#8211; s\u00f3cio do escrit\u00f3rio Cassel Ruzzarin Santos Rodrigues Advogados<\/div>\n","protected":false},"excerpt":{"rendered":"<p>&#8220;Em uma canetada, Poder Executivo atropela Congresso Nacional, institui adicional de contribui\u00e7\u00e3o previdenci\u00e1ria e n\u00e3o cumpre reajustes garantidos em leis e acordos com categorias do servi\u00e7o p\u00fablico federal&#8221; Rudi Cassel* \u200bAumento de contribui\u00e7\u00e3o previdenci\u00e1ria do servidor p\u00fablico por faixa remunerat\u00f3ria, leis federais descartadas, seguran\u00e7a jur\u00eddica anulada. Vivemos tempos estranhos. E na evolu\u00e7\u00e3o desse estranhamento surge a Medida Provis\u00f3ria n\u00ba 805, [&hellip;]<\/p>\n","protected":false},"author":27,"featured_media":0,"comment_status":"open","ping_status":"closed","sticky":false,"template":"","format":"standard","meta":{"footnotes":""},"categories":[2719],"tags":[2047,9604,5184,6321,9603,75,9602,803,100,131,9606,2094,1769,2282,5352,9,6074,124,9605,3838,2890,5032,9607,1137,132,3010,241,690,1559,9608,208,8,34],"class_list":["post-7274","post","type-post","status-publish","format-standard","hentry","category-servidor","tag-acordos","tag-adiconal","tag-anulada","tag-arbitrariedades","tag-atropela","tag-aumento","tag-canetada","tag-categorias","tag-congresso","tag-contribuicao","tag-descartadas","tag-descumprimento","tag-dou","tag-erro","tag-excecao","tag-executivo","tag-faixa","tag-federal","tag-garantidos","tag-incosntitucional","tag-juridica","tag-leis","tag-mp-805","tag-poder-judiciario","tag-previdenciaria","tag-previdenciario","tag-publico","tag-reajustes","tag-remuneratoria","tag-rgps-parametros","tag-seguranca","tag-servidor","tag-stf"],"_links":{"self":[{"href":"https:\/\/blogs.correiobraziliense.com.br\/servidor\/wp-json\/wp\/v2\/posts\/7274","targetHints":{"allow":["GET"]}}],"collection":[{"href":"https:\/\/blogs.correiobraziliense.com.br\/servidor\/wp-json\/wp\/v2\/posts"}],"about":[{"href":"https:\/\/blogs.correiobraziliense.com.br\/servidor\/wp-json\/wp\/v2\/types\/post"}],"author":[{"embeddable":true,"href":"https:\/\/blogs.correiobraziliense.com.br\/servidor\/wp-json\/wp\/v2\/users\/27"}],"replies":[{"embeddable":true,"href":"https:\/\/blogs.correiobraziliense.com.br\/servidor\/wp-json\/wp\/v2\/comments?post=7274"}],"version-history":[{"count":3,"href":"https:\/\/blogs.correiobraziliense.com.br\/servidor\/wp-json\/wp\/v2\/posts\/7274\/revisions"}],"predecessor-version":[{"id":7277,"href":"https:\/\/blogs.correiobraziliense.com.br\/servidor\/wp-json\/wp\/v2\/posts\/7274\/revisions\/7277"}],"wp:attachment":[{"href":"https:\/\/blogs.correiobraziliense.com.br\/servidor\/wp-json\/wp\/v2\/media?parent=7274"}],"wp:term":[{"taxonomy":"category","embeddable":true,"href":"https:\/\/blogs.correiobraziliense.com.br\/servidor\/wp-json\/wp\/v2\/categories?post=7274"},{"taxonomy":"post_tag","embeddable":true,"href":"https:\/\/blogs.correiobraziliense.com.br\/servidor\/wp-json\/wp\/v2\/tags?post=7274"}],"curies":[{"name":"wp","href":"https:\/\/api.w.org\/{rel}","templated":true}]}}