{"id":7257,"date":"2017-11-01T20:32:50","date_gmt":"2017-11-01T22:32:50","guid":{"rendered":"https:\/\/blogs.correiobraziliense.com.br\/servidor\/?p=7257"},"modified":"2017-11-01T20:32:50","modified_gmt":"2017-11-01T22:32:50","slug":"ministerio-do-trabalho-superintendencias-intensificam-combate-ao-trabalho-infantil-no-dia-de-finados","status":"publish","type":"post","link":"https:\/\/blogs.correiobraziliense.com.br\/servidor\/ministerio-do-trabalho-superintendencias-intensificam-combate-ao-trabalho-infantil-no-dia-de-finados\/","title":{"rendered":"Minist\u00e9rio do Trabalho &#8211; Superintend\u00eancias intensificam combate ao trabalho infantil no Dia de Finados"},"content":{"rendered":"<p><em>Foco dos auditores do Minist\u00e9rio do Trabalho ser\u00e1 a retirada de crian\u00e7as e adolescentes de tarefas comuns, mas proibidas para menores, como limpeza de l\u00e1pides e t\u00famulos e venda de flores e velas, informa o Minist\u00e9rio do Trabalho<\/em><\/p>\n<p>O combate ao trabalho infantil no Dia de Finados (02\/11) ser\u00e1 intensificado pelos grupos de fiscaliza\u00e7\u00e3o das superintend\u00eancias regionais do Trabalho em todo pa\u00eds. Eles visitar\u00e3o cemit\u00e9rios para retirar crian\u00e7as e adolescentes de tarefas comuns, por\u00e9m proibidas para menores, como limpeza das l\u00e1pides e t\u00famulos e com\u00e9rcio de flores e velas, destaca o \u00f3rg\u00e3o.<\/p>\n<p>&#8220;As fiscaliza\u00e7\u00f5es ocorrer\u00e3o em conjunto com conselhos tutelares e prefeituras todo pa\u00eds. O trabalho em cemit\u00e9rios \u00e9 proibido para o menores de 18 anos, figurando no rol das piores formas de trabalho infantil, a chamada Lista TIP, conforme estabelecido na Conven\u00e7\u00e3o 182 da Organiza\u00e7\u00e3o Internacional do Trabalho (OIT), que trata da proibi\u00e7\u00e3o das piores formas de trabalho infantil e a\u00e7\u00e3o imediata para sua elimina\u00e7\u00e3o&#8221;, destaca a nota do minist\u00e9rio.<\/p>\n<p>O trabalho infantil em cemit\u00e9rios, na an\u00e1lise do \u00f3rg\u00e3o, exp\u00f5e as crian\u00e7as e adolescente a esfor\u00e7os f\u00edsicos intensos, calor, riscos de cont\u00e1gio por bact\u00e9rias, fungos, ratos e outros animais, al\u00e9m do risco de acidentes e do estresse ps\u00edquico caracter\u00edstico da atividade, podendo causar afec\u00e7\u00f5es m\u00fasculo-esquel\u00e9ticas (bursites, tendinites, dorsalgias, sinovites, tenossinovites), ferimentos, contus\u00f5es, dermatoses ocupacionais, ansiedade, alcoolismo, desidrata\u00e7\u00e3o, c\u00e2ncer de pele, neurose profissional e ansiedade.<\/p>\n","protected":false},"excerpt":{"rendered":"<p>Foco dos auditores do Minist\u00e9rio do Trabalho ser\u00e1 a retirada de crian\u00e7as e adolescentes de tarefas comuns, mas proibidas para menores, como limpeza de l\u00e1pides e t\u00famulos e venda de flores e velas, informa o Minist\u00e9rio do Trabalho O combate ao trabalho infantil no Dia de Finados (02\/11) ser\u00e1 intensificado pelos grupos de fiscaliza\u00e7\u00e3o das superintend\u00eancias regionais do Trabalho em [&hellip;]<\/p>\n","protected":false},"author":27,"featured_media":0,"comment_status":"open","ping_status":"closed","sticky":false,"template":"","format":"standard","meta":{"footnotes":""},"categories":[2719],"tags":[9562,204,4901,3253,9561,940,9567,5204,486,757,9565,5676,9569,9564,2841,2068,4904,9563,6267,8577,261,9566,9568,6260],"class_list":["post-7257","post","type-post","status-publish","format-standard","hentry","category-servidor","tag-cemiterios","tag-combate","tag-comercio","tag-conselhos","tag-dia-de-finados","tag-fiscalizacao","tag-flores","tag-grupos","tag-infantil","tag-intensificam","tag-lapides","tag-limpeza","tag-lista-tip","tag-menores","tag-ministerio-do-trabalho","tag-oit","tag-prefeituras","tag-proibidas","tag-superintendencias","tag-tarefas","tag-trabalho","tag-tumulos","tag-tutelares","tag-velas"],"_links":{"self":[{"href":"https:\/\/blogs.correiobraziliense.com.br\/servidor\/wp-json\/wp\/v2\/posts\/7257","targetHints":{"allow":["GET"]}}],"collection":[{"href":"https:\/\/blogs.correiobraziliense.com.br\/servidor\/wp-json\/wp\/v2\/posts"}],"about":[{"href":"https:\/\/blogs.correiobraziliense.com.br\/servidor\/wp-json\/wp\/v2\/types\/post"}],"author":[{"embeddable":true,"href":"https:\/\/blogs.correiobraziliense.com.br\/servidor\/wp-json\/wp\/v2\/users\/27"}],"replies":[{"embeddable":true,"href":"https:\/\/blogs.correiobraziliense.com.br\/servidor\/wp-json\/wp\/v2\/comments?post=7257"}],"version-history":[{"count":1,"href":"https:\/\/blogs.correiobraziliense.com.br\/servidor\/wp-json\/wp\/v2\/posts\/7257\/revisions"}],"predecessor-version":[{"id":7258,"href":"https:\/\/blogs.correiobraziliense.com.br\/servidor\/wp-json\/wp\/v2\/posts\/7257\/revisions\/7258"}],"wp:attachment":[{"href":"https:\/\/blogs.correiobraziliense.com.br\/servidor\/wp-json\/wp\/v2\/media?parent=7257"}],"wp:term":[{"taxonomy":"category","embeddable":true,"href":"https:\/\/blogs.correiobraziliense.com.br\/servidor\/wp-json\/wp\/v2\/categories?post=7257"},{"taxonomy":"post_tag","embeddable":true,"href":"https:\/\/blogs.correiobraziliense.com.br\/servidor\/wp-json\/wp\/v2\/tags?post=7257"}],"curies":[{"name":"wp","href":"https:\/\/api.w.org\/{rel}","templated":true}]}}