{"id":7247,"date":"2017-10-31T19:39:08","date_gmt":"2017-10-31T21:39:08","guid":{"rendered":"https:\/\/blogs.correiobraziliense.com.br\/servidor\/?p=7247"},"modified":"2017-10-31T19:39:08","modified_gmt":"2017-10-31T21:39:08","slug":"anpr-repudia-convocacao-de-procurador-na-cpi-da-jbs","status":"publish","type":"post","link":"https:\/\/blogs.correiobraziliense.com.br\/servidor\/anpr-repudia-convocacao-de-procurador-na-cpi-da-jbs\/","title":{"rendered":"ANPR repudia convoca\u00e7\u00e3o de procurador na CPI da JBS"},"content":{"rendered":"<div><em>A Associa\u00e7\u00e3o Nacional dos Procuradores da Rep\u00fablica repudia a convoca\u00e7\u00e3o do procurador regional da Rep\u00fablica Eduardo Pelella pela Comiss\u00e3o Paramentar Mista de Inqu\u00e9rito (CPMI) da JBS. Por meio de nota, a entidade afirma que a medida \u00e9 um &#8220;atentado \u00e0 atua\u00e7\u00e3o independente do Minist\u00e9rio P\u00fablico&#8221;.<\/em><\/div>\n<div><\/div>\n<div>&#8220;N\u00e3o \u00e9 cab\u00edvel o constrangimento imposto a um membro do MPF, quando se pretende obrig\u00e1-lo a prestar declara\u00e7\u00f5es sobre fatos protegidos por sigilo. Isto soa a vingan\u00e7a, a retalia\u00e7\u00e3o pura, e n\u00e3o \u00e9 aceit\u00e1vel em um estado de direito e em um pa\u00eds que busca progredir pela atua\u00e7\u00e3o e respeito entre suas institui\u00e7\u00f5es&#8221;, destaca a ANPR.<\/div>\n<div><\/div>\n<div>Veja a nota:<\/div>\n<div><\/div>\n<div>&#8220;\u00c9 um atentado \u00e0 atua\u00e7\u00e3o independente do Minist\u00e9rio P\u00fablico e um desvirtuamento do nobre instrumento que \u00e9 uma CPI a convoca\u00e7\u00e3o de um membro do MPF para prestar depoimento sobre fatos relacionados \u00e0 sua fun\u00e7\u00e3o, principalmente em uma apura\u00e7\u00e3o ainda em andamento perante o Supremo Tribunal Federal, que pode implicar membros de Poderes do Estado e levar a revela\u00e7\u00e3o de documentos e provas ainda sob sigilo.<\/div>\n<div><\/div>\n<div>A atua\u00e7\u00e3o da CPMI est\u00e1 desvirtuada, infelizmente, desde o seu in\u00edcio, e foge dos par\u00e2metros constitucionais. N\u00e3o \u00e9 cab\u00edvel o constrangimento imposto a um membro do MPF, quando se pretende obrig\u00e1-lo a prestar declara\u00e7\u00f5es sobre fatos protegidos por sigilo.<\/div>\n<div><\/div>\n<div>J\u00e1 foi dito por importante membro da Comiss\u00e3o que CPI buscaria \u201cinvestigar quem nos investiga\u201d. Isto soa a vingan\u00e7a, a retalia\u00e7\u00e3o pura, e n\u00e3o \u00e9 aceit\u00e1vel em um estado de direito e em um pa\u00eds que busca progredir pela atua\u00e7\u00e3o e respeito entre suas institui\u00e7\u00f5es.<\/div>\n<div><\/div>\n<div>Uma Comiss\u00e3o Parlamentar n\u00e3o pode buscar coibir as institui\u00e7\u00f5es de controle e da justi\u00e7a, convocando, sob pretexto de testemunhar, um membro do Minist\u00e9rio P\u00fablico que por nada est\u00e1 sendo investigado e em a\u00e7\u00e3o que abertamente se d\u00e1 \u00fanica e exclusivamente em raz\u00e3o do exerc\u00edcio l\u00eddimo de suas fun\u00e7\u00f5es.<\/div>\n<div><\/div>\n<div>Por fim, importante lembrar que as investiga\u00e7\u00f5es e processos &#8211; que alguns parecem querer atacar com esta convoca\u00e7\u00e3o &#8211; continuam e continuar\u00e3o, com serenidade e profissionalismo, tocados pela institui\u00e7\u00e3o MPF, e ser\u00e3o apresentados e julgados pelo Supremo Tribunal Federal, como cab\u00edvel. A marcha da justi\u00e7a n\u00e3o se deixa intimidar e a opini\u00e3o p\u00fablica n\u00e3o se deixar\u00e1 confundir acerca dos fatos.<\/div>\n<div><\/div>\n<div>Os Procuradores da Rep\u00fablica est\u00e3o mobilizados na defesa das prerrogativas constitucionais deste e de qualquer outro membro do Minist\u00e9rio Publico brasileiro, recha\u00e7ando esta clara e inaceit\u00e1vel afronta ao princ\u00edpio da separa\u00e7\u00e3o dos Poderes e amea\u00e7a \u00e0 autonomia da institui\u00e7\u00e3o encarregado de defesa dos direitos de todos os brasileiros contra o crime e a corrup\u00e7\u00e3o.<\/div>\n<div><\/div>\n<div><strong>Jos\u00e9 Robalinho Cavalcanti<\/strong><\/div>\n<div>Procurador Regional da Rep\u00fablica<\/div>\n<div>Presidente da ANPR &#8220;<\/div>\n","protected":false},"excerpt":{"rendered":"<p>A Associa\u00e7\u00e3o Nacional dos Procuradores da Rep\u00fablica repudia a convoca\u00e7\u00e3o do procurador regional da Rep\u00fablica Eduardo Pelella pela Comiss\u00e3o Paramentar Mista de Inqu\u00e9rito (CPMI) da JBS. Por meio de nota, a entidade afirma que a medida \u00e9 um &#8220;atentado \u00e0 atua\u00e7\u00e3o independente do Minist\u00e9rio P\u00fablico&#8221;. &#8220;N\u00e3o \u00e9 cab\u00edvel o constrangimento imposto a um membro do MPF, quando se pretende obrig\u00e1-lo [&hellip;]<\/p>\n","protected":false},"author":27,"featured_media":0,"comment_status":"open","ping_status":"closed","sticky":false,"template":"","format":"standard","meta":{"footnotes":""},"categories":[2719],"tags":[4959,1572,1193,2141,6954,704,152,1218,116,760,56,1065,6356,1416,5451,9539,260,417,453,5827,3656,1309,562,3628,728,147,650,2837,6516,34,9538],"class_list":["post-7247","post","type-post","status-publish","format-standard","hentry","category-servidor","tag-anpr","tag-atentado","tag-atuacao","tag-constitucionais","tag-constrangimento","tag-convocacao","tag-cpi","tag-declaracoes","tag-direito","tag-documentos","tag-estado","tag-funcoes","tag-independente","tag-instituicoes","tag-jbs","tag-julgados","tag-justica","tag-ministerio-publico","tag-mpf","tag-opiniao","tag-paramatros","tag-prerrogativas","tag-processos","tag-procurador","tag-provas","tag-publica","tag-repudia","tag-retaliacao","tag-sigilo","tag-stf","tag-vinganca"],"_links":{"self":[{"href":"https:\/\/blogs.correiobraziliense.com.br\/servidor\/wp-json\/wp\/v2\/posts\/7247","targetHints":{"allow":["GET"]}}],"collection":[{"href":"https:\/\/blogs.correiobraziliense.com.br\/servidor\/wp-json\/wp\/v2\/posts"}],"about":[{"href":"https:\/\/blogs.correiobraziliense.com.br\/servidor\/wp-json\/wp\/v2\/types\/post"}],"author":[{"embeddable":true,"href":"https:\/\/blogs.correiobraziliense.com.br\/servidor\/wp-json\/wp\/v2\/users\/27"}],"replies":[{"embeddable":true,"href":"https:\/\/blogs.correiobraziliense.com.br\/servidor\/wp-json\/wp\/v2\/comments?post=7247"}],"version-history":[{"count":1,"href":"https:\/\/blogs.correiobraziliense.com.br\/servidor\/wp-json\/wp\/v2\/posts\/7247\/revisions"}],"predecessor-version":[{"id":7248,"href":"https:\/\/blogs.correiobraziliense.com.br\/servidor\/wp-json\/wp\/v2\/posts\/7247\/revisions\/7248"}],"wp:attachment":[{"href":"https:\/\/blogs.correiobraziliense.com.br\/servidor\/wp-json\/wp\/v2\/media?parent=7247"}],"wp:term":[{"taxonomy":"category","embeddable":true,"href":"https:\/\/blogs.correiobraziliense.com.br\/servidor\/wp-json\/wp\/v2\/categories?post=7247"},{"taxonomy":"post_tag","embeddable":true,"href":"https:\/\/blogs.correiobraziliense.com.br\/servidor\/wp-json\/wp\/v2\/tags?post=7247"}],"curies":[{"name":"wp","href":"https:\/\/api.w.org\/{rel}","templated":true}]}}