{"id":724,"date":"2015-12-22T19:52:38","date_gmt":"2015-12-22T21:52:38","guid":{"rendered":"https:\/\/blogs.correiobraziliense.com.br\/servidor\/?p=724"},"modified":"2015-12-22T19:52:38","modified_gmt":"2015-12-22T21:52:38","slug":"unacon-encerra-campanha-salarial-de-2015","status":"publish","type":"post","link":"https:\/\/blogs.correiobraziliense.com.br\/servidor\/unacon-encerra-campanha-salarial-de-2015\/","title":{"rendered":"UNACON ENCERRA CAMPANHA SALARIAL DE 2015"},"content":{"rendered":"<p>O Sindicato Nacional dos Analistas e T\u00e9cnicos de Controle e Finan\u00e7as (Unacon Sindical)\u00a0 assinou acordo salarial com o governo, aprovado por 89% da categoria em assembleia nacional<\/p>\n<p>A Diretoria Executiva Nacional (DEN) do Unacon Sindical assinou na tarde desta ter\u00e7a-feira, 22 de dezembro, o Termo n\u00b0 25\/2015 com a Secretaria de Rela\u00e7\u00f5es de Trabalho do Minist\u00e9rio do Planejamento, Or\u00e7amento e Gest\u00e3o (SRT\/MPOG). O acordo prev\u00ea o reajuste salarial de 27,9% em quatro anos \u2013 5,5% em 2016; 6,99% em 2017; 6,65% em 2018; e 6,31% em 2019 \u2013, com a primeira parcela em agosto do pr\u00f3ximo ano, e o reajuste dos benef\u00edcios a partir de janeiro. As demais parcelas ter\u00e3o impacto sempre no m\u00eas de janeiro. O documento contempla, ainda, os principais eixos do anteprojeto de transforma\u00e7\u00e3o da carreira de Finan\u00e7as e Controle.<\/p>\n<p>&nbsp;<\/p>\n<p>A proposta de reajuste em quatro anos foi aprovada, com <strong>89%<\/strong> dos votos totais, em Assembleia Geral Extraordin\u00e1ria (AGE) em todo o pa\u00eds. Tamb\u00e9m foram contabilizados, no resultado final, votos n\u00e3o presenciais.\u00a0 Rudinei Marques, M\u00e1rcia Uch\u00f4a e J\u00falio Possas representaram o Sindicato na reuni\u00e3o com S\u00e9rgio Mendon\u00e7a, SRT do Planejamento, em que se oficializou o fim da negocia\u00e7\u00e3o salarial.<\/p>\n<p>&nbsp;<\/p>\n<p>Uma semana antes, Filipe Le\u00e3o e Uch\u00f4a insistiram no projeto de transforma\u00e7\u00e3o da carreira, em reuni\u00e3o com Mendon\u00e7a. O resultado do trabalho de sensibiliza\u00e7\u00e3o teve efeito positivo. Enviada para o Sindicato na manh\u00e3 de segunda, 21, a minuta do acordo contemplava os eixos do anteprojeto. A reuni\u00e3o entre Le\u00e3o, Uch\u00f4a e Mendon\u00e7a na \u00faltima sexta, 18, pautou o esfor\u00e7o conjunto entre a Controladoria-Geral da Uni\u00e3o (CGU) e a Secretaria do Tesouro Nacional (STN) para construir o consenso.<\/p>\n<p>&nbsp;<\/p>\n<p><strong>BENEF\u00cdCIOS<\/strong><\/p>\n<p>Com impacto a partir de janeiro do pr\u00f3ximo ano, o aux\u00edlio alimenta\u00e7\u00e3o sobe de R$ 373,00 para R$ 458,00, o aux\u00edlio pr\u00e9-escolar, hoje com valores vari\u00e1veis de R$ 66 a R$ 95, passa para R$ 321,00, e o aux\u00edlio sa\u00fade ser\u00e1 reajustado em 22,8%, de acordo com idade e faixa salarial.<\/p>\n<p>&nbsp;<\/p>\n","protected":false},"excerpt":{"rendered":"<p>O Sindicato Nacional dos Analistas e T\u00e9cnicos de Controle e Finan\u00e7as (Unacon Sindical)\u00a0 assinou acordo salarial com o governo, aprovado por 89% da categoria em assembleia nacional A Diretoria Executiva Nacional (DEN) do Unacon Sindical assinou na tarde desta ter\u00e7a-feira, 22 de dezembro, o Termo n\u00b0 25\/2015 com a Secretaria de Rela\u00e7\u00f5es de Trabalho do Minist\u00e9rio do Planejamento, Or\u00e7amento e [&hellip;]<\/p>\n","protected":false},"author":27,"featured_media":0,"comment_status":"open","ping_status":"closed","sticky":false,"template":"","format":"standard","meta":{"footnotes":""},"categories":[1],"tags":[112,170,305,304,98,18,303],"class_list":["post-724","post","type-post","status-publish","format-standard","hentry","category-sem-categoria","tag-acordo","tag-assina","tag-campanha","tag-encerra","tag-governo","tag-salarial","tag-unacon"],"_links":{"self":[{"href":"https:\/\/blogs.correiobraziliense.com.br\/servidor\/wp-json\/wp\/v2\/posts\/724","targetHints":{"allow":["GET"]}}],"collection":[{"href":"https:\/\/blogs.correiobraziliense.com.br\/servidor\/wp-json\/wp\/v2\/posts"}],"about":[{"href":"https:\/\/blogs.correiobraziliense.com.br\/servidor\/wp-json\/wp\/v2\/types\/post"}],"author":[{"embeddable":true,"href":"https:\/\/blogs.correiobraziliense.com.br\/servidor\/wp-json\/wp\/v2\/users\/27"}],"replies":[{"embeddable":true,"href":"https:\/\/blogs.correiobraziliense.com.br\/servidor\/wp-json\/wp\/v2\/comments?post=724"}],"version-history":[{"count":1,"href":"https:\/\/blogs.correiobraziliense.com.br\/servidor\/wp-json\/wp\/v2\/posts\/724\/revisions"}],"predecessor-version":[{"id":725,"href":"https:\/\/blogs.correiobraziliense.com.br\/servidor\/wp-json\/wp\/v2\/posts\/724\/revisions\/725"}],"wp:attachment":[{"href":"https:\/\/blogs.correiobraziliense.com.br\/servidor\/wp-json\/wp\/v2\/media?parent=724"}],"wp:term":[{"taxonomy":"category","embeddable":true,"href":"https:\/\/blogs.correiobraziliense.com.br\/servidor\/wp-json\/wp\/v2\/categories?post=724"},{"taxonomy":"post_tag","embeddable":true,"href":"https:\/\/blogs.correiobraziliense.com.br\/servidor\/wp-json\/wp\/v2\/tags?post=724"}],"curies":[{"name":"wp","href":"https:\/\/api.w.org\/{rel}","templated":true}]}}