{"id":7239,"date":"2017-10-31T14:08:27","date_gmt":"2017-10-31T16:08:27","guid":{"rendered":"https:\/\/blogs.correiobraziliense.com.br\/servidor\/?p=7239"},"modified":"2017-10-31T14:08:27","modified_gmt":"2017-10-31T16:08:27","slug":"esforco-para-aprovar-reforma","status":"publish","type":"post","link":"https:\/\/blogs.correiobraziliense.com.br\/servidor\/esforco-para-aprovar-reforma\/","title":{"rendered":"Esfor\u00e7o para aprovar a reforma"},"content":{"rendered":"<p><em>Para Meirelles, a PEC da Previd\u00eancia precisa ser votada nem que seja no in\u00edcio do pr\u00f3ximo governo<\/em><\/p>\n<p><strong>ALESSANDRA AZEVEDO<\/strong><\/p>\n<p><strong>ANTONIO TEM\u00d3TEO<\/strong><\/p>\n<p>O rombo das contas da Previd\u00eancia Social \u2014 justificativa central para revisar as regras de aposentadoria e pens\u00e3o \u2014 chegar\u00e1 a R$ 192,8 bilh\u00f5es em 2018, estimou o governo, em mensagem modificativa do Or\u00e7amento de 2018 enviada ontem ao Congresso Nacional. O minist\u00e9rio do Planejamento considera que as despesas com benef\u00edcios previdenci\u00e1rios atingir\u00e3o R$ 596,3 bilh\u00f5es no ano que vem, mas espera arrecadar apenas R$ 403,4 bilh\u00f5es para cobrir esses gastos. O resultado: um deficit equivalente a 2,7% do Produto Interno Bruto (PIB) no ano que vem. Para 2017, o rombo esperado \u00e9 de R$ 184,2 bilh\u00f5es, valor que corresponder\u00e1 a 2,8% do PIB.<\/p>\n<p>Diante do cen\u00e1rio, o governo concentra esfor\u00e7os na aprova\u00e7\u00e3o da reforma da Previd\u00eancia ainda este ano, apesar de o texto estar parado desde maio na C\u00e2mara dos Deputados. Embora o Executivo esteja empenhado em avan\u00e7ar com a pauta, esbarra em forte resist\u00eancia por parte dos parlamentares. Nem o presidente Michel Temer acredita que haja votos suficientes para a aprova\u00e7\u00e3o da mat\u00e9ria hoje, ressaltou o presidente em exerc\u00edcio da C\u00e2mara, F\u00e1bio Ramalho (PMDB-MG). Segundo o deputado, mesmo sabendo das dificuldades, o presidente pretende emplacar pelo menos a idade m\u00ednima de 65 anos para homens e 62 para mulheres \u2014 o que configuraria uma reforma bem mais enxuta do que a aprovada na comiss\u00e3o especial, em maio.<\/p>\n<p>Tendo como ponto de partida os 251 votos que garantiram o arquivamento da segunda den\u00fancia contra Temer, na semana passada, a estrat\u00e9gia do governo para atingir os 308 necess\u00e1rios a fim de aprovar uma Proposta de Emenda \u00e0 Constitui\u00e7\u00e3o (PEC) deve passar por negocia\u00e7\u00e3o de cargos em minist\u00e9rios e novas rodadas de conversas com os deputados. \u201cVamos ter que avaliar qual projeto de reforma seria aceito pela base. A partir da\u00ed, conversamos com os deputados que votaram contra o presidente, mas dizem ser favor\u00e1veis \u00e0 reforma, e rezar para que eles estejam dizendo a verdade\u201d, adiantou um dos integrantes mais ativos da tropa de choque de Temer, deputado Carlos Marun (PMDB-MS), presidente da Comiss\u00e3o Especial da Reforma. Os encontros devem come\u00e7ar na semana que vem, ap\u00f3s o feriado de Finados.<\/p>\n<p align=\"JUSTIFY\">O principal porta-voz do assunto no Executivo tem sido o ministro da Fazenda, Henrique Meirelles. Ontem, ele reconheceu que \u00e9 dif\u00edcil aprovar a reforma da Previd\u00eancia em ano eleitoral, mas ressaltou, em entrevista \u00e0 TV NBR, que \u201c\u00e9 muito importante que ela seja feita neste governo\u201d. Se a PEC n\u00e3o for votada em 2017, o governo insistir\u00e1 na aprecia\u00e7\u00e3o do projeto em 2018, afirmou. \u201cE se a reforma n\u00e3o for aprovada em 2018, devido ao per\u00edodo eleitoral, ela ser\u00e1 o primeiro desafio do governo eleito para 2019. Por isso, seria importante fazermos a reforma logo, porque ela \u00e9 necess\u00e1ria para o pa\u00eds\u201d, disse o chefe da equipe econ\u00f4mica.<\/p>\n<p><strong>A teimosia do ministro<\/strong><\/p>\n<p>Apesar de reconhecer os obst\u00e1culos, Meirelles quer a aprova\u00e7\u00e3o do texto, se poss\u00edvel, ainda em novembro, e conforme passou na comiss\u00e3o especial. \u201cO texto j\u00e1 foi enxugado e \u00e9 o que defendemos\u201d, refor\u00e7ou, ontem, o ministro. Mas, nos bastidores, \u00e9 praticamente consenso entre t\u00e9cnicos da equipe econ\u00f4mica do governo e consultores legislativos que novembro est\u00e1 fora de cogita\u00e7\u00e3o. Os otimistas acreditam que o texto mais simples poss\u00edvel s\u00f3 poder\u00e1 ser votado em dezembro \u2014 se a base garantir o apoio necess\u00e1rio, de 308 votos, com alguma folga. Se n\u00e3o for votada at\u00e9 dezembro, a reforma dever\u00e1 ficar para o pr\u00f3ximo governo, embora Meirelles tenha garantido que insistir\u00e1 em toc\u00e1-la mesmo que seja em ano de elei\u00e7\u00f5es.<\/p>\n","protected":false},"excerpt":{"rendered":"<p>Para Meirelles, a PEC da Previd\u00eancia precisa ser votada nem que seja no in\u00edcio do pr\u00f3ximo governo ALESSANDRA AZEVEDO ANTONIO TEM\u00d3TEO O rombo das contas da Previd\u00eancia Social \u2014 justificativa central para revisar as regras de aposentadoria e pens\u00e3o \u2014 chegar\u00e1 a R$ 192,8 bilh\u00f5es em 2018, estimou o governo, em mensagem modificativa do Or\u00e7amento de 2018 enviada ontem ao [&hellip;]<\/p>\n","protected":false},"author":27,"featured_media":0,"comment_status":"open","ping_status":"closed","sticky":false,"template":"","format":"standard","meta":{"footnotes":""},"categories":[2719],"tags":[9529,527,852,1531,1150,2278,411,235,6176,1202,9,1169,3117,2054,4580,2178,8486,810,268,2156,3374,1804,549,711,751,1043,592],"class_list":["post-7239","post","type-post","status-publish","format-standard","hentry","category-servidor","tag-aposentdoria","tag-aprovar","tag-beneficios","tag-camara-dos-deputados","tag-comissao","tag-contas","tag-deficit","tag-despesas","tag-esforco","tag-especial","tag-executivo","tag-gastos","tag-henrique-meirelles","tag-idade","tag-justificativa","tag-minima","tag-ministeiro-do-planejamento","tag-ministerio-da-fazenda","tag-parlamentares","tag-pec","tag-pensao","tag-pib","tag-previdencia","tag-reforma","tag-regras","tag-resistencia","tag-rombo"],"_links":{"self":[{"href":"https:\/\/blogs.correiobraziliense.com.br\/servidor\/wp-json\/wp\/v2\/posts\/7239","targetHints":{"allow":["GET"]}}],"collection":[{"href":"https:\/\/blogs.correiobraziliense.com.br\/servidor\/wp-json\/wp\/v2\/posts"}],"about":[{"href":"https:\/\/blogs.correiobraziliense.com.br\/servidor\/wp-json\/wp\/v2\/types\/post"}],"author":[{"embeddable":true,"href":"https:\/\/blogs.correiobraziliense.com.br\/servidor\/wp-json\/wp\/v2\/users\/27"}],"replies":[{"embeddable":true,"href":"https:\/\/blogs.correiobraziliense.com.br\/servidor\/wp-json\/wp\/v2\/comments?post=7239"}],"version-history":[{"count":1,"href":"https:\/\/blogs.correiobraziliense.com.br\/servidor\/wp-json\/wp\/v2\/posts\/7239\/revisions"}],"predecessor-version":[{"id":7240,"href":"https:\/\/blogs.correiobraziliense.com.br\/servidor\/wp-json\/wp\/v2\/posts\/7239\/revisions\/7240"}],"wp:attachment":[{"href":"https:\/\/blogs.correiobraziliense.com.br\/servidor\/wp-json\/wp\/v2\/media?parent=7239"}],"wp:term":[{"taxonomy":"category","embeddable":true,"href":"https:\/\/blogs.correiobraziliense.com.br\/servidor\/wp-json\/wp\/v2\/categories?post=7239"},{"taxonomy":"post_tag","embeddable":true,"href":"https:\/\/blogs.correiobraziliense.com.br\/servidor\/wp-json\/wp\/v2\/tags?post=7239"}],"curies":[{"name":"wp","href":"https:\/\/api.w.org\/{rel}","templated":true}]}}