{"id":7228,"date":"2017-10-30T15:25:19","date_gmt":"2017-10-30T17:25:19","guid":{"rendered":"https:\/\/blogs.correiobraziliense.com.br\/servidor\/?p=7228"},"modified":"2017-10-30T15:25:19","modified_gmt":"2017-10-30T17:25:19","slug":"dyogo-oliveira-detalha-mensagem-modificativa-ao-ploa-2018","status":"publish","type":"post","link":"https:\/\/blogs.correiobraziliense.com.br\/servidor\/dyogo-oliveira-detalha-mensagem-modificativa-ao-ploa-2018\/","title":{"rendered":"Dyogo Oliveira detalha mensagem modificativa ao PLOA 2018"},"content":{"rendered":"<p><em>O Ministro do Planejamento, Desenvolvimento e Gest\u00e3o, Dyogo Oliveira, detalhar\u00e1, nesta segunda-feira (30), \u00e0s 17 horas, a mensagem modificativa ao Projeto de Lei Or\u00e7ament\u00e1ria Anual (PLOA) de 2018.\u00a0<\/em><\/p>\n<p>Em agosto, o Minist\u00e9rio decidiu n\u00e3o esperar a vota\u00e7\u00e3o do projeto de lei que altera as metas fiscais deste ano e do pr\u00f3ximo, o PLN 17\/2017, para R$ 159 bilh\u00f5es, e resolveu enviar no \u00faltimo dia do m\u00eas Or\u00e7amento com a meta antiga para 2018, de um rombo de at\u00e9 R$ 129 bilh\u00f5es.<\/p>\n<p>O PLN 17\/2017 amplia o rombo das metas fiscais previstas na Lei de Diretrizes Or\u00e7ament\u00e1rias (LDO) de 2017 e de 2018 em R$ 20 bilh\u00f5es e R$ 30 bilh\u00f5es, respectivamente. Os objetivo fiscais do governo federal s\u00e3o deficits de R$ 139 bilh\u00f5es, neste ano, e de R$ 129 bilh\u00f5es, no ano que vem.<\/p>\n<p>A previs\u00e3o \u00e9 de que a nova proposta, que chegar\u00e1 por meio de uma mensagem modificativa, incorporar\u00e1 a meta de d\u00e9ficit prim\u00e1rio para o governo federal de R$ 159 bilh\u00f5es para o pr\u00f3ximo ano. Essa meta foi aprovada pelo Congresso h\u00e1 um m\u00eas. O ministro, anteriormente, havia prometido enviar a mensagem modificativa at\u00e9 a 6 de outubro.<\/p>\n","protected":false},"excerpt":{"rendered":"<p>O Ministro do Planejamento, Desenvolvimento e Gest\u00e3o, Dyogo Oliveira, detalhar\u00e1, nesta segunda-feira (30), \u00e0s 17 horas, a mensagem modificativa ao Projeto de Lei Or\u00e7ament\u00e1ria Anual (PLOA) de 2018.\u00a0 Em agosto, o Minist\u00e9rio decidiu n\u00e3o esperar a vota\u00e7\u00e3o do projeto de lei que altera as metas fiscais deste ano e do pr\u00f3ximo, o PLN 17\/2017, para R$ 159 bilh\u00f5es, e resolveu [&hellip;]<\/p>\n","protected":false},"author":27,"featured_media":0,"comment_status":"open","ping_status":"closed","sticky":false,"template":"","format":"standard","meta":{"footnotes":""},"categories":[2719],"tags":[100,411,2255,12,637,7276,2045,8780,318,9517,9516,2120,592],"class_list":["post-7228","post","type-post","status-publish","format-standard","hentry","category-servidor","tag-congresso","tag-deficit","tag-dyogo-oliveira","tag-fiscais","tag-ldo","tag-mensagem","tag-metas","tag-modificativa","tag-orcamento","tag-pln-172017","tag-ploa-2018","tag-primario","tag-rombo"],"_links":{"self":[{"href":"https:\/\/blogs.correiobraziliense.com.br\/servidor\/wp-json\/wp\/v2\/posts\/7228","targetHints":{"allow":["GET"]}}],"collection":[{"href":"https:\/\/blogs.correiobraziliense.com.br\/servidor\/wp-json\/wp\/v2\/posts"}],"about":[{"href":"https:\/\/blogs.correiobraziliense.com.br\/servidor\/wp-json\/wp\/v2\/types\/post"}],"author":[{"embeddable":true,"href":"https:\/\/blogs.correiobraziliense.com.br\/servidor\/wp-json\/wp\/v2\/users\/27"}],"replies":[{"embeddable":true,"href":"https:\/\/blogs.correiobraziliense.com.br\/servidor\/wp-json\/wp\/v2\/comments?post=7228"}],"version-history":[{"count":1,"href":"https:\/\/blogs.correiobraziliense.com.br\/servidor\/wp-json\/wp\/v2\/posts\/7228\/revisions"}],"predecessor-version":[{"id":7229,"href":"https:\/\/blogs.correiobraziliense.com.br\/servidor\/wp-json\/wp\/v2\/posts\/7228\/revisions\/7229"}],"wp:attachment":[{"href":"https:\/\/blogs.correiobraziliense.com.br\/servidor\/wp-json\/wp\/v2\/media?parent=7228"}],"wp:term":[{"taxonomy":"category","embeddable":true,"href":"https:\/\/blogs.correiobraziliense.com.br\/servidor\/wp-json\/wp\/v2\/categories?post=7228"},{"taxonomy":"post_tag","embeddable":true,"href":"https:\/\/blogs.correiobraziliense.com.br\/servidor\/wp-json\/wp\/v2\/tags?post=7228"}],"curies":[{"name":"wp","href":"https:\/\/api.w.org\/{rel}","templated":true}]}}