{"id":72,"date":"2015-02-24T12:26:00","date_gmt":"2015-02-24T15:26:00","guid":{"rendered":"https:\/\/blogs.correiobraziliense.com.br\/servidor\/planejamento_convida_entidades_sindicais_para_reuniao_com_o_ministro_nelson_barbosa\/"},"modified":"2015-02-24T12:26:00","modified_gmt":"2015-02-24T15:26:00","slug":"planejamento_convida_entidades_sindicais_para_reuniao_com_o_ministro_nelson_barbosa","status":"publish","type":"post","link":"https:\/\/blogs.correiobraziliense.com.br\/servidor\/planejamento_convida_entidades_sindicais_para_reuniao_com_o_ministro_nelson_barbosa\/","title":{"rendered":"PLANEJAMENTO CONVIDA ENTIDADES SINDICAIS PARA REUNI\u00c3O COM O MINISTRO NELSON BARBOSA"},"content":{"rendered":"<div id=\"noticia\">             \tServidores mant\u00eam manifesta\u00e7\u00e3o agendada para amanh\u00e3, \u00e0s 9 horas.  <\/p>\n<p>O Minist\u00e9rio do Planejamento, por meio de sua Secretaria  de Rela\u00e7\u00f5es de Trabalho no Servi\u00e7o P\u00fablico (SRT\/MP), informou, em nota no site do \u00f3rg\u00e3o, que encaminhou \u00e0s  entidades representativas dos servidores p\u00fablicos federais  of\u00edcio-circular convidando-as para uma reuni\u00e3o com o ministro Nelson  Barbosa, no dia 20 de mar\u00e7o, sexta-feira, \u00e0s 10h, no edif\u00edcio-sede  (bloco K da Esplanada dos Minist\u00e9rios).  No encontro, o ministro ouvir\u00e1 os representantes dos servidores, far\u00e1  uma apresenta\u00e7\u00e3o abordando a conjuntura econ\u00f4mica de 2015 e falar\u00e1  sobre as diretrizes que nortear\u00e3o o processo de negocia\u00e7\u00e3o deste ano. <\/p>\n<p>As lideran\u00e7as sindicais, no entanto, n\u00e3o v\u00e3o suspender o ato programado para amanh\u00e3, \u00e0s 9 horas, em frente ao minist\u00e9rio. &#8220;Foi uma sinaliza\u00e7\u00e3o importante, mas o prazo est\u00e1 muito dilatado. Manteremos as manifesta\u00e7\u00f5es e queremos ser atendidos logo e discutirmos pelo menos as premissas dessa reuni\u00e3o agendada. Por que um encontro t\u00e3o longe?&#8221;, questionou S\u00e9rgio Ronaldo da Silva, secret\u00e1rio-geral da da Confedera\u00e7\u00e3o Nacional dos Trabalhadores no Servi\u00e7o P\u00fablico Federal (Condsef).  <\/p>\n<p>O F\u00f3rum das Entidades Nacionais dos Servidores P\u00fablicos, que re\u00fane 33 representantes de classe, criou uma agenda de atividades para mar\u00e7o, com discuss\u00e3o sobre indicativo de greve, e jornada nacional, em Bras\u00edlia, em 7, 8 e 9 de abril, para uma for\u00e7a tarefa no Congresso. Foi definido um \u00edndice linear de reajuste de 27,3%.   <\/p>\n<p>O percentual tem como ponto de partida o \u00cdndice Nacional de Pre\u00e7os ao Consumidor Amplo (IPCA) de agosto de 2010 a julho de 2016, em torno de 44%, j\u00e1 descontados os 15,8%, em tr\u00eas parcelas (2013, 2014, 2015), mais ganho real de 2%. E n\u00e3o exclui outras demandas e a corre\u00e7\u00e3o de distor\u00e7\u00f5es que, inclusive, fazem parte de termos de acordo j\u00e1 firmados com o governo.  <\/p>\n<p>Bras\u00edlia, 12h30min  <\/p><\/div>\n","protected":false},"excerpt":{"rendered":"<p>Servidores mant\u00eam manifesta\u00e7\u00e3o agendada para amanh\u00e3, \u00e0s 9 horas. O Minist\u00e9rio do Planejamento, por meio de sua Secretaria de Rela\u00e7\u00f5es de Trabalho no Servi\u00e7o P\u00fablico (SRT\/MP), informou, em nota no site do \u00f3rg\u00e3o, que encaminhou \u00e0s entidades representativas dos servidores p\u00fablicos federais of\u00edcio-circular convidando-as para uma reuni\u00e3o com o ministro Nelson Barbosa, no dia 20 de mar\u00e7o, sexta-feira, \u00e0s 10h, [&hellip;]<\/p>\n","protected":false},"author":27,"featured_media":0,"comment_status":"open","ping_status":"open","sticky":false,"template":"","format":"standard","meta":{"footnotes":""},"categories":[1],"tags":[],"class_list":["post-72","post","type-post","status-publish","format-standard","hentry","category-sem-categoria"],"_links":{"self":[{"href":"https:\/\/blogs.correiobraziliense.com.br\/servidor\/wp-json\/wp\/v2\/posts\/72","targetHints":{"allow":["GET"]}}],"collection":[{"href":"https:\/\/blogs.correiobraziliense.com.br\/servidor\/wp-json\/wp\/v2\/posts"}],"about":[{"href":"https:\/\/blogs.correiobraziliense.com.br\/servidor\/wp-json\/wp\/v2\/types\/post"}],"author":[{"embeddable":true,"href":"https:\/\/blogs.correiobraziliense.com.br\/servidor\/wp-json\/wp\/v2\/users\/27"}],"replies":[{"embeddable":true,"href":"https:\/\/blogs.correiobraziliense.com.br\/servidor\/wp-json\/wp\/v2\/comments?post=72"}],"version-history":[{"count":0,"href":"https:\/\/blogs.correiobraziliense.com.br\/servidor\/wp-json\/wp\/v2\/posts\/72\/revisions"}],"wp:attachment":[{"href":"https:\/\/blogs.correiobraziliense.com.br\/servidor\/wp-json\/wp\/v2\/media?parent=72"}],"wp:term":[{"taxonomy":"category","embeddable":true,"href":"https:\/\/blogs.correiobraziliense.com.br\/servidor\/wp-json\/wp\/v2\/categories?post=72"},{"taxonomy":"post_tag","embeddable":true,"href":"https:\/\/blogs.correiobraziliense.com.br\/servidor\/wp-json\/wp\/v2\/tags?post=72"}],"curies":[{"name":"wp","href":"https:\/\/api.w.org\/{rel}","templated":true}]}}