{"id":7130,"date":"2017-10-28T13:00:05","date_gmt":"2017-10-28T15:00:05","guid":{"rendered":"https:\/\/blogs.correiobraziliense.com.br\/servidor\/?p=7130"},"modified":"2017-10-28T13:05:30","modified_gmt":"2017-10-28T15:05:30","slug":"servidores-mais-jovens","status":"publish","type":"post","link":"https:\/\/blogs.correiobraziliense.com.br\/servidor\/servidores-mais-jovens\/","title":{"rendered":"Servidores mais jovens"},"content":{"rendered":"<div dir=\"auto\">ALINE DO VALLE<\/div>\n<div dir=\"auto\"><em><strong>(Especial para o Correio)<\/strong><\/em><\/div>\n<div dir=\"auto\" style=\"text-align: left\"><\/div>\n<div dir=\"auto\">\n<figure id=\"attachment_7134\" aria-describedby=\"caption-attachment-7134\" style=\"width: 658px\" class=\"wp-caption aligncenter\"><img loading=\"lazy\" decoding=\"async\" class=\"wp-image-7134\" src=\"https:\/\/blogs.correiobraziliense.com.br\/servidor\/wp-content\/uploads\/sites\/10\/2017\/10\/271017ea48.jpg\" alt=\"\" width=\"658\" height=\"401\" srcset=\"https:\/\/blogs.correiobraziliense.com.br\/servidor\/wp-content\/uploads\/sites\/10\/2017\/10\/271017ea48.jpg 4968w, https:\/\/blogs.correiobraziliense.com.br\/servidor\/wp-content\/uploads\/sites\/10\/2017\/10\/271017ea48-300x183.jpg 300w, https:\/\/blogs.correiobraziliense.com.br\/servidor\/wp-content\/uploads\/sites\/10\/2017\/10\/271017ea48-768x467.jpg 768w, https:\/\/blogs.correiobraziliense.com.br\/servidor\/wp-content\/uploads\/sites\/10\/2017\/10\/271017ea48-1024x623.jpg 1024w, https:\/\/blogs.correiobraziliense.com.br\/servidor\/wp-content\/uploads\/sites\/10\/2017\/10\/271017ea48-350x213.jpg 350w, https:\/\/blogs.correiobraziliense.com.br\/servidor\/wp-content\/uploads\/sites\/10\/2017\/10\/271017ea48-1440x876.jpg 1440w, https:\/\/blogs.correiobraziliense.com.br\/servidor\/wp-content\/uploads\/sites\/10\/2017\/10\/271017ea48-550x335.jpg 550w, https:\/\/blogs.correiobraziliense.com.br\/servidor\/wp-content\/uploads\/sites\/10\/2017\/10\/271017ea48-230x140.jpg 230w\" sizes=\"auto, (max-width: 658px) 100vw, 658px\" \/><figcaption id=\"caption-attachment-7134\" class=\"wp-caption-text\">&#8220;Acredito que com servidores mais jovens o servi\u00e7o ficar\u00e1 ainda melhor&#8221;, opina Andr\u00e9 Felipe Ribeiro, 30 anos. Foto: Ed Alves\/CB\/D.A Press<\/figcaption><\/figure>\n<\/div>\n<div dir=\"auto\"><\/div>\n<div dir=\"auto\"><span style=\"font-weight: 400\"><span style=\"font-weight: 400\">A idade m\u00e9dia do servidor p\u00fablico \u00e9 de 58 anos. E at\u00e9 2020, estima-se que 40% dos funcion\u00e1rios do Poder Executivo escolham a aposentadoria. Com isso, o quadro tende a ficar mais jovem. <\/span><\/span><span style=\"font-weight: 400\"><span style=\"font-weight: 400\">Os poderes Legislativo e Judici\u00e1rio\u00a0<\/span><\/span><span style=\"font-weight: 400\">devem seguir o mesmo padr\u00e3o.\u00a0<\/span><span style=\"font-weight: 400\">Chama a aten\u00e7\u00e3o o cen\u00e1rio do Superior Tribunal de Justi\u00e7a (STJ) que registra um quadro com 79% dos funcion\u00e1rios entre 18 e 35 anos. O cargo de t\u00e9cnico judici\u00e1rio da \u00e1rea administrativa \u00e9 o que concentra a maior parte deles &#8211; s\u00e3o 860 dos 2.080 mais jovens. Em seguida est\u00e3o analistas judici\u00e1rios da \u00e1rea judici\u00e1ria (522), t\u00e9cnico da \u00e1rea de seguran\u00e7a (141) e analista judici\u00e1rio da \u00e1rea administrativa (135).<\/span><\/div>\n<p><span style=\"font-weight: 400\">No Governo do Distrito Federal 12,64% dos funcion\u00e1rios p\u00fablicos ativos t\u00eam entre 18 e 35 anos. A maioria serve na Secretarias de Estado de Sa\u00fade (SES) &#8211; 7.721 -, Secretaria de \u00a0Educa\u00e7\u00e3o (SEE) &#8211; 4.607 &#8211;<\/span> <span style=\"font-weight: 400\">\u00a0e na Secretaria de Pol\u00edticas para Crian\u00e7as, Adolescentes e Juventude (Secrian\u00e7a) &#8211; 821. \u00a0Segundo o GDF, os servidores mais jovens ocupam, os cargos de professor de educa\u00e7\u00e3o b\u00e1sica, enfermeiro, t\u00e9cnico e auxiliar de enfermagem e agente de atividades penitenci\u00e1rias.<\/span><\/p>\n<p>At\u00e9 agosto deste ano, o Tribunal de Justi\u00e7a do Distrito Federal e Territ\u00f3rios (TJDFT) registrou \u00a0\u00a031% do efetivo com at\u00e9 35 anos de idade. As tr\u00eas fun\u00e7\u00f5es com maior n\u00famero de servidores nesta faixa et\u00e1ria s\u00e3o as de t\u00e9cnico judici\u00e1rio &#8211; 1620 -, analista judici\u00e1rio n\u00e3o especializado &#8211; 450 &#8211; e analista judici\u00e1rio (oficial de justi\u00e7a) que registra 110 funcion\u00e1rios.\u00a0No Senado Federal, dos 2297 servidores ativos (efetivos n\u00e3o comissionados), 0,3% tem entre 18 e 25 anos. \u00a0A porcentagem cresce conforme a faixa et\u00e1ria. Os funcion\u00e1rios com idades entre 26 e 30 anos comp\u00f5e 5,65% do quadro total. E aqueles com 31 a 35 anos s\u00e3o a maioria, 14.49%. Dentre as fun\u00e7\u00f5es com maior n\u00famero est\u00e3o t\u00e9cnicos legislativos (processo industrial gr\u00e1fico , administra\u00e7\u00e3o e processo legislativo) e analistas legislativos (processo legislativo). At\u00e9 o momento desta publica\u00e7\u00e3o, a C\u00e2mara dos Deputados n\u00e3o enviou os registros solicitados.<\/p>\n<p><span style=\"font-weight: 400\">Andr\u00e9 Felipe Ribeiro, 30, \u00e9 funcion\u00e1rio do Governo do Distrito Federal (GDF) h\u00e1 pouco mais de tr\u00eas anos. \u201cNunca pensei em ser servidor p\u00fablico. Mas a necessidade me fez pensar nesse caminho\u201d, contou. Por problemas no neg\u00f3cio em que administrava, ele precisou rever as finan\u00e7as e chegou \u00e0 conclus\u00e3o de que um cargo p\u00fablico seria uma solu\u00e7\u00e3o. \u201cAl\u00e9m do bom sal\u00e1rio eu n\u00e3o teria a inseguran\u00e7a e instabilidade da iniciativa privada\u201d, conclui. Frente aos obst\u00e1culos, Ribeiro entrou em uma rotina de estudos intensa. \u201cComecei a estudar em julho de 2013. Abri m\u00e3o de qualquer divers\u00e3o e descanso. Estudava de 5h \u00e0s 23h\u201d, relembra. Em outubro do mesmo ano, ele foi aprovado. \u201cQuando comecei a trabalhar entendi o que era ser servidor p\u00fablico e gostei\u201d, confessa.\u00a0<\/span><span style=\"font-weight: 400\">Ribeiro acredita que, assim como ele, outros jovens que est\u00e3o concluindo ou j\u00e1 conclu\u00edram a faculdade pensam em seguir carreira p\u00fablica para fugir da instabilidade que permeia o cen\u00e1rio econ\u00f4mico brasileiro. <\/span><\/p>\n<p><span style=\"font-weight: 400\">A advogada da Uni\u00e3o \u00c9rica Costa, 30 teve o primeiro cargo \u00a0p\u00fablico aos 19 anos. \u201cEm seguida continuei meus estudos. Estava decidida a seguir a carreira p\u00fablica\u201d. \u00a0Ao longo dos anos ela fez planos e investimentos para alcan\u00e7ar o cargo que ocupa hoje.\u00a0<\/span><span style=\"font-weight: 400\">Acompanhe\u00a0mais dessa hist\u00f3ria\u00a0no v\u00eddeo abaixo:<\/span><\/p>\n<p>https:\/\/youtu.be\/R09J8C8s6fI<\/p>\n<p>&nbsp;<\/p>\n","protected":false},"excerpt":{"rendered":"<p>ALINE DO VALLE (Especial para o Correio) A idade m\u00e9dia do servidor p\u00fablico \u00e9 de 58 anos. E at\u00e9 2020, estima-se que 40% dos funcion\u00e1rios do Poder Executivo escolham a aposentadoria. Com isso, o quadro tende a ficar mais jovem. Os poderes Legislativo e Judici\u00e1rio\u00a0devem seguir o mesmo padr\u00e3o.\u00a0Chama a aten\u00e7\u00e3o o cen\u00e1rio do Superior Tribunal de Justi\u00e7a (STJ) que [&hellip;]<\/p>\n","protected":false},"author":27,"featured_media":7134,"comment_status":"open","ping_status":"closed","sticky":false,"template":"","format":"standard","meta":{"footnotes":""},"categories":[2719],"tags":[345,61,9,2054,9488,64,10,1061,435,696,8],"class_list":["post-7130","post","type-post","status-publish","format-standard","has-post-thumbnail","hentry","category-servidor","tag-aposentados","tag-camara","tag-executivo","tag-idade","tag-jovem","tag-judiciario","tag-legislativo","tag-media","tag-novos","tag-senado","tag-servidor"],"_links":{"self":[{"href":"https:\/\/blogs.correiobraziliense.com.br\/servidor\/wp-json\/wp\/v2\/posts\/7130","targetHints":{"allow":["GET"]}}],"collection":[{"href":"https:\/\/blogs.correiobraziliense.com.br\/servidor\/wp-json\/wp\/v2\/posts"}],"about":[{"href":"https:\/\/blogs.correiobraziliense.com.br\/servidor\/wp-json\/wp\/v2\/types\/post"}],"author":[{"embeddable":true,"href":"https:\/\/blogs.correiobraziliense.com.br\/servidor\/wp-json\/wp\/v2\/users\/27"}],"replies":[{"embeddable":true,"href":"https:\/\/blogs.correiobraziliense.com.br\/servidor\/wp-json\/wp\/v2\/comments?post=7130"}],"version-history":[{"count":4,"href":"https:\/\/blogs.correiobraziliense.com.br\/servidor\/wp-json\/wp\/v2\/posts\/7130\/revisions"}],"predecessor-version":[{"id":7138,"href":"https:\/\/blogs.correiobraziliense.com.br\/servidor\/wp-json\/wp\/v2\/posts\/7130\/revisions\/7138"}],"wp:featuredmedia":[{"embeddable":true,"href":"https:\/\/blogs.correiobraziliense.com.br\/servidor\/wp-json\/wp\/v2\/media\/7134"}],"wp:attachment":[{"href":"https:\/\/blogs.correiobraziliense.com.br\/servidor\/wp-json\/wp\/v2\/media?parent=7130"}],"wp:term":[{"taxonomy":"category","embeddable":true,"href":"https:\/\/blogs.correiobraziliense.com.br\/servidor\/wp-json\/wp\/v2\/categories?post=7130"},{"taxonomy":"post_tag","embeddable":true,"href":"https:\/\/blogs.correiobraziliense.com.br\/servidor\/wp-json\/wp\/v2\/tags?post=7130"}],"curies":[{"name":"wp","href":"https:\/\/api.w.org\/{rel}","templated":true}]}}