{"id":7123,"date":"2017-10-27T16:09:15","date_gmt":"2017-10-27T18:09:15","guid":{"rendered":"https:\/\/blogs.correiobraziliense.com.br\/servidor\/?p=7123"},"modified":"2017-10-27T16:09:15","modified_gmt":"2017-10-27T18:09:15","slug":"mulheres-que-consomem-alcool-em-excesso-tem-duas-vezes-mais-chances-de-desenvolver-cancer-de-mama-diz-estudo","status":"publish","type":"post","link":"https:\/\/blogs.correiobraziliense.com.br\/servidor\/mulheres-que-consomem-alcool-em-excesso-tem-duas-vezes-mais-chances-de-desenvolver-cancer-de-mama-diz-estudo\/","title":{"rendered":"Mulheres que consomem \u00e1lcool em excesso t\u00eam duas vezes mais chances de desenvolver c\u00e2ncer de mama, diz estudo"},"content":{"rendered":"<p>O consumo excessivo de \u00e1lcool (etilismo) est\u00e1 relacionado ao c\u00e2ncer de mama, segundo estudo recente\u00a0 com benefici\u00e1rios da Caixa de Previd\u00eancia e Assist\u00eancia dos Servidores da Funda\u00e7\u00e3o Nacional de Sa\u00fade (Capesesp). De acordo com o levantamento, que levou em conta os h\u00e1bitos de quase 19 mil benefici\u00e1rios ao longo de dez anos, as mulheres que consomem \u00e1lcool por tempo e quantidade excessiva t\u00eam duas vezes mais chances de desenvolver c\u00e2ncer de mama.<\/p>\n<p>A pesquisa tamb\u00e9m mostrou rela\u00e7\u00e3o entre obesidade e o desenvolvimento de c\u00e2ncer de ov\u00e1rio. Ao todo, 26% das benefici\u00e1rias avaliadas que apresentaram este tipo de c\u00e2ncer, tamb\u00e9m estavam obesas.<\/p>\n<p>O estudo analisou durante 10 anos a associa\u00e7\u00e3o do c\u00e2ncer a fatores de risco, tais como tabagismo, sedentarismo, etilismo, exposi\u00e7\u00e3o excessiva ao sol, sobrepeso e obesidade. Foram avaliados 4.685 benefici\u00e1rios com diagn\u00f3stico positivo de c\u00e2ncer e outros 14.055, sem diagn\u00f3stico, para base de compara\u00e7\u00e3o (tr\u00eas casos negativos para cada positivo, com mesma idade e g\u00eanero).<\/p>\n<p>\u201cAo longo do hist\u00f3rico do plano, verificamos o que aconteceu com as pessoas pesquisadas, se tiveram algum tipo de c\u00e2ncer ou n\u00e3o. Aqueles que tiveram c\u00e2ncer foram comparados com quem n\u00e3o teve c\u00e2ncer e verificado se o fator de risco poderia ou n\u00e3o estar relacionado \u00e0 doen\u00e7a\u201d, explica a m\u00e9dica Juliana Busch, que tamb\u00e9m \u00e9 uma das autoras da pesquisa e Gerente da Assessoria de Estrat\u00e9gias e Informa\u00e7\u00f5es Institucionais da Capesesp.<\/p>\n<p>Foi refor\u00e7ada a contribui\u00e7\u00e3o do tabagismo para o desenvolvimento de diversos tipos de c\u00e2ncer: 62% dos que disseram estar expostos ao fumo, apresentaram c\u00e2ncer de pulm\u00e3o; 69% c\u00e2ncer de laringe e 73,5% c\u00e2ncer de es\u00f4fago.<\/p>\n<p>Os tipos de c\u00e2ncer mais comuns nos homens foram pr\u00f3stata (36,4%) colorretal (6,8%), rim (4,1%) e bexiga (3,8%). Nas mulheres, mama (28,3%), tire\u00f3ide (7,3%), colorretal (7,0%), pulm\u00e3o (2,5%) e ov\u00e1rio (2,4%).<\/p>\n<p>\u201cAl\u00e9m de corroborar dados que j\u00e1 estamos familiarizados e auxiliar na conscientiza\u00e7\u00e3o, este estudo tamb\u00e9m possibilita a gest\u00e3o da oncologia, com direcionamento de esfor\u00e7os e investimentos para perfis e h\u00e1bitos, permitindo uma interven\u00e7\u00e3o prematura\u201d, ressalta o presidente da Capesesp e vice-presidente da Uni\u00e3o Nacional das Institui\u00e7\u00f5es de Autogest\u00e3o em Sa\u00fade (Unidas), Jo\u00e3o Paulo dos Reis Neto.<\/p>\n<p>\u201cNo fim, um acompanhamento constante aliado a bons h\u00e1bitos continuam sendo os melhores rem\u00e9dios. Nas autogest\u00f5es, investimos muito em iniciativas de preven\u00e7\u00e3o e campanhas que podem ajudar a evitar problemas decorrentes desses fatores de risco. O estudo \u00e9 mais um refor\u00e7o e um norte para os planos e tamb\u00e9m para os benefici\u00e1rios\u201d, complementa.<\/p>\n<p>O estudo foi aprovado para apresenta\u00e7\u00e3o durante o Congresso Europeu da ISPOR, Sociedade Internacional de Farmacoeconomia e Desfechos, que ser\u00e1 realizado em Glasgow, Esc\u00f3cia, de 4 a 8 de novembro de 2017 (www.ispor.org).<\/p>\n","protected":false},"excerpt":{"rendered":"<p>O consumo excessivo de \u00e1lcool (etilismo) est\u00e1 relacionado ao c\u00e2ncer de mama, segundo estudo recente\u00a0 com benefici\u00e1rios da Caixa de Previd\u00eancia e Assist\u00eancia dos Servidores da Funda\u00e7\u00e3o Nacional de Sa\u00fade (Capesesp). De acordo com o levantamento, que levou em conta os h\u00e1bitos de quase 19 mil benefici\u00e1rios ao longo de dez anos, as mulheres que consomem \u00e1lcool por tempo e [&hellip;]<\/p>\n","protected":false},"author":27,"featured_media":0,"comment_status":"open","ping_status":"closed","sticky":false,"template":"","format":"standard","meta":{"footnotes":""},"categories":[2719],"tags":[6194,980,785,9473,8908,9479,5655,5659,6502,8283,1263,9474,9476,1212,9478,9475,9480,9477],"class_list":["post-7123","post","type-post","status-publish","format-standard","hentry","category-servidor","tag-alcool","tag-beneficiarios","tag-cancer","tag-capesesp","tag-diagnostico","tag-etilismo","tag-excesso","tag-fatores","tag-habitos","tag-mama","tag-mulheres","tag-obesidade","tag-ovario","tag-risco","tag-sedentarismo","tag-sobrepeso","tag-sol","tag-tabagismo"],"_links":{"self":[{"href":"https:\/\/blogs.correiobraziliense.com.br\/servidor\/wp-json\/wp\/v2\/posts\/7123","targetHints":{"allow":["GET"]}}],"collection":[{"href":"https:\/\/blogs.correiobraziliense.com.br\/servidor\/wp-json\/wp\/v2\/posts"}],"about":[{"href":"https:\/\/blogs.correiobraziliense.com.br\/servidor\/wp-json\/wp\/v2\/types\/post"}],"author":[{"embeddable":true,"href":"https:\/\/blogs.correiobraziliense.com.br\/servidor\/wp-json\/wp\/v2\/users\/27"}],"replies":[{"embeddable":true,"href":"https:\/\/blogs.correiobraziliense.com.br\/servidor\/wp-json\/wp\/v2\/comments?post=7123"}],"version-history":[{"count":1,"href":"https:\/\/blogs.correiobraziliense.com.br\/servidor\/wp-json\/wp\/v2\/posts\/7123\/revisions"}],"predecessor-version":[{"id":7124,"href":"https:\/\/blogs.correiobraziliense.com.br\/servidor\/wp-json\/wp\/v2\/posts\/7123\/revisions\/7124"}],"wp:attachment":[{"href":"https:\/\/blogs.correiobraziliense.com.br\/servidor\/wp-json\/wp\/v2\/media?parent=7123"}],"wp:term":[{"taxonomy":"category","embeddable":true,"href":"https:\/\/blogs.correiobraziliense.com.br\/servidor\/wp-json\/wp\/v2\/categories?post=7123"},{"taxonomy":"post_tag","embeddable":true,"href":"https:\/\/blogs.correiobraziliense.com.br\/servidor\/wp-json\/wp\/v2\/tags?post=7123"}],"curies":[{"name":"wp","href":"https:\/\/api.w.org\/{rel}","templated":true}]}}