{"id":712,"date":"2015-12-18T17:18:25","date_gmt":"2015-12-18T19:18:25","guid":{"rendered":"https:\/\/blogs.correiobraziliense.com.br\/servidor\/?p=712"},"modified":"2015-12-18T17:18:25","modified_gmt":"2015-12-18T19:18:25","slug":"planejamento-marca-reuniao-com-auditores","status":"publish","type":"post","link":"https:\/\/blogs.correiobraziliense.com.br\/servidor\/planejamento-marca-reuniao-com-auditores\/","title":{"rendered":"PLANEJAMENTO MARCA REUNI\u00c3O COM AUDITORES"},"content":{"rendered":"<p>A equipe do minist\u00e9rio do Planejamento agendou uma reuni\u00e3o com a Diretoria Executiva do Sindifisco Nacional, para \u00e0s 9h, deste s\u00e1bado (19\/12). A expectativa \u00e9 que o governo apresente uma proposta concreta para os pleitos da classe com rela\u00e7\u00e3o \u00e0 campanha salarial.<\/p>\n","protected":false},"excerpt":{"rendered":"<p>A equipe do minist\u00e9rio do Planejamento agendou uma reuni\u00e3o com a Diretoria Executiva do Sindifisco Nacional, para \u00e0s 9h, deste s\u00e1bado (19\/12). A expectativa \u00e9 que o governo apresente uma proposta concreta para os pleitos da classe com rela\u00e7\u00e3o \u00e0 campanha salarial.<\/p>\n","protected":false},"author":27,"featured_media":0,"comment_status":"open","ping_status":"closed","sticky":false,"template":"","format":"standard","meta":{"footnotes":""},"categories":[1],"tags":[31,292,3,294,293],"class_list":["post-712","post","type-post","status-publish","format-standard","hentry","category-sem-categoria","tag-auditores","tag-marca","tag-planejamento","tag-receita-federal","tag-reuniao"],"_links":{"self":[{"href":"https:\/\/blogs.correiobraziliense.com.br\/servidor\/wp-json\/wp\/v2\/posts\/712","targetHints":{"allow":["GET"]}}],"collection":[{"href":"https:\/\/blogs.correiobraziliense.com.br\/servidor\/wp-json\/wp\/v2\/posts"}],"about":[{"href":"https:\/\/blogs.correiobraziliense.com.br\/servidor\/wp-json\/wp\/v2\/types\/post"}],"author":[{"embeddable":true,"href":"https:\/\/blogs.correiobraziliense.com.br\/servidor\/wp-json\/wp\/v2\/users\/27"}],"replies":[{"embeddable":true,"href":"https:\/\/blogs.correiobraziliense.com.br\/servidor\/wp-json\/wp\/v2\/comments?post=712"}],"version-history":[{"count":1,"href":"https:\/\/blogs.correiobraziliense.com.br\/servidor\/wp-json\/wp\/v2\/posts\/712\/revisions"}],"predecessor-version":[{"id":713,"href":"https:\/\/blogs.correiobraziliense.com.br\/servidor\/wp-json\/wp\/v2\/posts\/712\/revisions\/713"}],"wp:attachment":[{"href":"https:\/\/blogs.correiobraziliense.com.br\/servidor\/wp-json\/wp\/v2\/media?parent=712"}],"wp:term":[{"taxonomy":"category","embeddable":true,"href":"https:\/\/blogs.correiobraziliense.com.br\/servidor\/wp-json\/wp\/v2\/categories?post=712"},{"taxonomy":"post_tag","embeddable":true,"href":"https:\/\/blogs.correiobraziliense.com.br\/servidor\/wp-json\/wp\/v2\/tags?post=712"}],"curies":[{"name":"wp","href":"https:\/\/api.w.org\/{rel}","templated":true}]}}