{"id":7114,"date":"2017-10-25T19:01:59","date_gmt":"2017-10-25T21:01:59","guid":{"rendered":"https:\/\/blogs.correiobraziliense.com.br\/servidor\/?p=7114"},"modified":"2017-10-25T19:01:59","modified_gmt":"2017-10-25T21:01:59","slug":"adesoes-transferencia-do-dia-do-servidor-para-3-de-novembro","status":"publish","type":"post","link":"https:\/\/blogs.correiobraziliense.com.br\/servidor\/adesoes-transferencia-do-dia-do-servidor-para-3-de-novembro\/","title":{"rendered":"Ades\u00f5es \u00e0 transfer\u00eancia do Dia do Servidor para 3 de novembro"},"content":{"rendered":"<p><strong>VERA BATISTA<\/strong><\/p>\n<p><strong>ALINE DO VALLE<\/strong><\/p>\n<p>O Tribunal Superior do Trabalho (TST) e o Tribunal Regional Federal da 2\u00aa Regi\u00e3o (TRF2, Rio de Janeiro e Esp\u00edrito Santo) tamb\u00e9m transferiram para sexta-feira (3 de novembro) o ponto facultativo do Dia do Servidor &#8211; esse ano cai no s\u00e1bado, 28 de outubro. O expediente ser\u00e1 suspenso nos \u00f3rg\u00e3os, seguindo a orienta\u00e7\u00e3o do Supremo Tribunal Federal (STF), que ontem tomou a iniciativa, criticada, inclusive, pelo ministro Marco Aur\u00e9lio. Em of\u00edcio \u00e0 presidente do STF, ministra C\u00e1rmen L\u00facia, ele externou \u201cperplexidade\u201d e disse que foi \u201csurpreendido com a Portaria 183, de 23 do corrente m\u00eas, do diretor-geral da Secretaria do Tribunal\u201d, que instituiu a mudan\u00e7a.<\/p>\n<p>\u201cDesnecess\u00e1rio seria consignar que a previs\u00e3o legal tem sido tomada a revelar o feriado, ante o sil\u00eancio da Lei n\u00b0 10.607\/2002. Em \u00faltima an\u00e1lise, impr\u00f3pria, sob a minha \u00f3ptica, \u00e9 a altera\u00e7\u00e3o procedida, porquanto vinga, no \u00e2mbito da administra\u00e7\u00e3o p\u00fablica, o princ\u00edpio da legalidade\u201d. Al\u00e9m dessas folgas eventuais, o Judici\u00e1rio tem um recesso regular de fim de ano, que come\u00e7a em 20 de dezembro e vai at\u00e9 5 de janeiro. Nas cortes superiores, os servidores t\u00eam todo o m\u00eas de julho de folga e mais 40 dias nas festas natalinas (de 20 de dezembro a 31 de janeiro).<\/p>\n<p>Todos os tribunais superiores do pa\u00eds v\u00e3o adotar o ponto facultativo no dia 3 de novembro. O Tribunal de Justi\u00e7a do Distrito Federal e Territ\u00f3rios (TJDFT) informou que n\u00e3o vai aderir \u201c\u00e0 extens\u00e3o das comemora\u00e7\u00f5es e os funcion\u00e1rios cumprir\u00e3o expediente normal\u201d. O Minist\u00e9rio do Planejamento (MPOG) tamb\u00e9m afirmou que o ponto facultativo do dia 28 n\u00e3o ser\u00e1 transferido. Como reflexo, o Sindicato dos Servidores Federais no Distrito Federal (Sindsep-DF) destacou que a categoria trabalhar\u00e1 normalmente, \u201cat\u00e9 que MPOG diga o contr\u00e1rio\u201d. O Governo do Distrito Federal (GDF) assinalou que \u201cn\u00e3o haver\u00e1 ponto facultativo\u201d. A assessoria de imprensa do Senado Federal destacou que &#8220;n\u00e3o tomou conhecimento de qualquer decis\u00e3o sobre mudan\u00e7as do Dia do Servidor&#8221;. E a C\u00e2mara dos Deputados n\u00e3o retornou at\u00e9 o momento.<\/p>\n<p><strong>Comemora\u00e7\u00f5es <\/strong><\/p>\n<p>Apesar de cair em um s\u00e1bado, o Dia do Servidor n\u00e3o passar\u00e1 em branco no Distrito Federal. Na sexta-feira (27), o Sindsep-DF vai executar duas a\u00e7\u00f5es \u201cpara conscientizar a popula\u00e7\u00e3o da import\u00e2ncia de ter o Estado a servi\u00e7o da sociedade\u201d. Pela manh\u00e3, far\u00e1 panfletagem em \u00f3rg\u00e3os p\u00fablicos federais, com den\u00fancias \u201cdos ataques aos direitos dos servidores\u201d, em consequ\u00eancia de v\u00e1rias medidas do governo, como, por exemplo, a reforma trabalhista. No final da tarde, em um debate aberto ao p\u00fablico, servidores e especialistas convidados discutem os impactos dos 100 anos da Revolu\u00e7\u00e3o Russa.<\/p>\n<p>O Sindicato dos Professores do DF (Sinpro) decidiu fazer a Semana de Valoriza\u00e7\u00e3o do Servi\u00e7o P\u00fablico. A abertura foi no \u00faltimo s\u00e1bado (21), quando docentes doaram sangue no Hemocentro de Bras\u00edlia. O sindicato tamb\u00e9m organizou um material informativo para \u201cdenunciar o descaso do GDF para com o servi\u00e7o p\u00fablico\u201d. Na Secretaria de Planejamento, Or\u00e7amento e Gest\u00e3o distrital (Seplag), a comemora\u00e7\u00e3o ser\u00e1 amanh\u00e3 (26), com a cerim\u00f4nia que vai anunciar os vencedores do Pr\u00eamio Inova Bras\u00edlia &#8211; projeto que prestigia funcion\u00e1rios que de alguma forma transformaram o servi\u00e7o p\u00fablico.<\/p>\n","protected":false},"excerpt":{"rendered":"<p>VERA BATISTA ALINE DO VALLE O Tribunal Superior do Trabalho (TST) e o Tribunal Regional Federal da 2\u00aa Regi\u00e3o (TRF2, Rio de Janeiro e Esp\u00edrito Santo) tamb\u00e9m transferiram para sexta-feira (3 de novembro) o ponto facultativo do Dia do Servidor &#8211; esse ano cai no s\u00e1bado, 28 de outubro. O expediente ser\u00e1 suspenso nos \u00f3rg\u00e3os, seguindo a orienta\u00e7\u00e3o do Supremo [&hellip;]<\/p>\n","protected":false},"author":27,"featured_media":0,"comment_status":"open","ping_status":"closed","sticky":false,"template":"","format":"standard","meta":{"footnotes":""},"categories":[2719],"tags":[3586,61,897,9464,4095,9463,1823,2692,2685,9465,6387,696,6133,9466,9467,34,2186,1310,591,7580,120,503,524],"class_list":["post-7114","post","type-post","status-publish","format-standard","hentry","category-servidor","tag-adesoes","tag-camara","tag-comemoracao","tag-criticada","tag-dia-do-servidor","tag-expedientes","tag-feriado","tag-gdf","tag-iniciativa","tag-mlpog","tag-novembro","tag-senado","tag-seplag","tag-sindsep-df","tag-sinpro","tag-stf","tag-superiores","tag-tjdft","tag-transferencia","tag-trf2","tag-tribunais","tag-tst","tag-valorizacao"],"_links":{"self":[{"href":"https:\/\/blogs.correiobraziliense.com.br\/servidor\/wp-json\/wp\/v2\/posts\/7114","targetHints":{"allow":["GET"]}}],"collection":[{"href":"https:\/\/blogs.correiobraziliense.com.br\/servidor\/wp-json\/wp\/v2\/posts"}],"about":[{"href":"https:\/\/blogs.correiobraziliense.com.br\/servidor\/wp-json\/wp\/v2\/types\/post"}],"author":[{"embeddable":true,"href":"https:\/\/blogs.correiobraziliense.com.br\/servidor\/wp-json\/wp\/v2\/users\/27"}],"replies":[{"embeddable":true,"href":"https:\/\/blogs.correiobraziliense.com.br\/servidor\/wp-json\/wp\/v2\/comments?post=7114"}],"version-history":[{"count":1,"href":"https:\/\/blogs.correiobraziliense.com.br\/servidor\/wp-json\/wp\/v2\/posts\/7114\/revisions"}],"predecessor-version":[{"id":7115,"href":"https:\/\/blogs.correiobraziliense.com.br\/servidor\/wp-json\/wp\/v2\/posts\/7114\/revisions\/7115"}],"wp:attachment":[{"href":"https:\/\/blogs.correiobraziliense.com.br\/servidor\/wp-json\/wp\/v2\/media?parent=7114"}],"wp:term":[{"taxonomy":"category","embeddable":true,"href":"https:\/\/blogs.correiobraziliense.com.br\/servidor\/wp-json\/wp\/v2\/categories?post=7114"},{"taxonomy":"post_tag","embeddable":true,"href":"https:\/\/blogs.correiobraziliense.com.br\/servidor\/wp-json\/wp\/v2\/tags?post=7114"}],"curies":[{"name":"wp","href":"https:\/\/api.w.org\/{rel}","templated":true}]}}