{"id":7110,"date":"2017-10-25T18:00:15","date_gmt":"2017-10-25T20:00:15","guid":{"rendered":"https:\/\/blogs.correiobraziliense.com.br\/servidor\/?p=7110"},"modified":"2017-10-25T18:00:15","modified_gmt":"2017-10-25T20:00:15","slug":"presidente-do-tst-garante-que-nao-e-racista-homofobico-ou-machista","status":"publish","type":"post","link":"https:\/\/blogs.correiobraziliense.com.br\/servidor\/presidente-do-tst-garante-que-nao-e-racista-homofobico-ou-machista\/","title":{"rendered":"Presidente do TST garante que n\u00e3o \u00e9 racista, homof\u00f3bico ou machista"},"content":{"rendered":"<p>Em entrevista ao <em>Correio Braziliense<\/em>, o presidente do Tribunal Superior do Trabalho (TST), ministro Yves Gandra Martins Filho, contestou os boatos, tendo em vista suas convic\u00e7\u00f5es conservadoras, de que \u00e9 racista, machista ou homof\u00f3bico. \u201cJ\u00e1 lhe digo: n\u00e3o sou nem racista, nem homof\u00f3bico, nem machista. Ent\u00e3o, vou dar exemplos. Primeiro: metade da minha equipe \u00e9 de mulher. Antes, na dire\u00e7\u00e3o do tribunal, os cargos eram sempre de homens\u201d.<\/p>\n<p>Gandra, destacou, que tem \u201cv\u00e1rios amigos homossexuais\u201d. Apenas n\u00e3o concorda com casamento entre pessoas do mesmo sexo e ado\u00e7\u00e3o desses casais. \u201c\u00c9 direito da crian\u00e7a de ter um pai e uma m\u00e3e\u201d, justificou. Em rela\u00e7\u00e3o ao racismo, confessou que uma das pessoas que ele ama mais \u00e9 a bab\u00e1 negra. \u201cN\u00e3o negra, mas assim&#8230;n\u00e3o \u00e9 negra, \u00e9 azul. \u00c9 como se fosse a minha m\u00e3e. E faz parte da fam\u00edlia. Eu nunca, pelo menos de minha parte, nunca tive nenhuma atitude que voc\u00ea pudesse chamar dessa forma<span style=\"font-family: Utopia,sans-serif;\"><span style=\"font-size: small;\">\u201d.<\/span><\/span><\/p>\n<p>Ou\u00e7a a entrevista:<\/p>\n<p>&nbsp;<\/p>\n<p><iframe loading=\"lazy\" width=\"100%\" height=\"415\" src=\"https:\/\/www.youtube.com\/embed\/YAFv24ozxmI\" frameborder=\"0\" allowfullscreen><\/iframe><\/p>\n","protected":false},"excerpt":{"rendered":"<p>Em entrevista ao Correio Braziliense, o presidente do Tribunal Superior do Trabalho (TST), ministro Yves Gandra Martins Filho, contestou os boatos, tendo em vista suas convic\u00e7\u00f5es conservadoras, de que \u00e9 racista, machista ou homof\u00f3bico. \u201cJ\u00e1 lhe digo: n\u00e3o sou nem racista, nem homof\u00f3bico, nem machista. Ent\u00e3o, vou dar exemplos. Primeiro: metade da minha equipe \u00e9 de mulher. Antes, na dire\u00e7\u00e3o [&hellip;]<\/p>\n","protected":false},"author":27,"featured_media":0,"comment_status":"open","ping_status":"closed","sticky":false,"template":"","format":"standard","meta":{"footnotes":""},"categories":[2719],"tags":[],"class_list":["post-7110","post","type-post","status-publish","format-standard","hentry","category-servidor"],"_links":{"self":[{"href":"https:\/\/blogs.correiobraziliense.com.br\/servidor\/wp-json\/wp\/v2\/posts\/7110","targetHints":{"allow":["GET"]}}],"collection":[{"href":"https:\/\/blogs.correiobraziliense.com.br\/servidor\/wp-json\/wp\/v2\/posts"}],"about":[{"href":"https:\/\/blogs.correiobraziliense.com.br\/servidor\/wp-json\/wp\/v2\/types\/post"}],"author":[{"embeddable":true,"href":"https:\/\/blogs.correiobraziliense.com.br\/servidor\/wp-json\/wp\/v2\/users\/27"}],"replies":[{"embeddable":true,"href":"https:\/\/blogs.correiobraziliense.com.br\/servidor\/wp-json\/wp\/v2\/comments?post=7110"}],"version-history":[{"count":2,"href":"https:\/\/blogs.correiobraziliense.com.br\/servidor\/wp-json\/wp\/v2\/posts\/7110\/revisions"}],"predecessor-version":[{"id":7112,"href":"https:\/\/blogs.correiobraziliense.com.br\/servidor\/wp-json\/wp\/v2\/posts\/7110\/revisions\/7112"}],"wp:attachment":[{"href":"https:\/\/blogs.correiobraziliense.com.br\/servidor\/wp-json\/wp\/v2\/media?parent=7110"}],"wp:term":[{"taxonomy":"category","embeddable":true,"href":"https:\/\/blogs.correiobraziliense.com.br\/servidor\/wp-json\/wp\/v2\/categories?post=7110"},{"taxonomy":"post_tag","embeddable":true,"href":"https:\/\/blogs.correiobraziliense.com.br\/servidor\/wp-json\/wp\/v2\/tags?post=7110"}],"curies":[{"name":"wp","href":"https:\/\/api.w.org\/{rel}","templated":true}]}}