{"id":7108,"date":"2017-10-25T16:36:27","date_gmt":"2017-10-25T18:36:27","guid":{"rendered":"https:\/\/blogs.correiobraziliense.com.br\/servidor\/?p=7108"},"modified":"2017-10-25T16:36:27","modified_gmt":"2017-10-25T18:36:27","slug":"instituto-de-estudos-tributarios-considera-o-bonus-eficiencia-da-receita-federal-inconstitucional-e-ilegitimo","status":"publish","type":"post","link":"https:\/\/blogs.correiobraziliense.com.br\/servidor\/instituto-de-estudos-tributarios-considera-o-bonus-eficiencia-da-receita-federal-inconstitucional-e-ilegitimo\/","title":{"rendered":"Instituto de Estudos Tribut\u00e1rios considera o \u201cb\u00f4nus efici\u00eancia\u201d da Receita Federal inconstitucional e ileg\u00edtimo"},"content":{"rendered":"<p>O assunto ser\u00e1 discutido durante o XXI Simp\u00f3sio de Direito Tribut\u00e1rio do IET, nos dias 30 e <span id=\"OBJ_PREFIX_DWT2440_com_zimbra_date\"><span id=\"OBJ_PREFIX_DWT2452_com_zimbra_date\">31 de outubro<\/span><\/span>, em Porto Alegre<\/p>\n<p>A lei n\u00ba 13.464, que institui o \u201cb\u00f4nus de efici\u00eancia\u201d para auditores da Receita Federal, um resultado da Medida Provis\u00f3ria 765, vem causando distor\u00e7\u00f5es. Para o vice-presidente do Instituto de Estudos Tribut\u00e1rios (IET), Arthur Ferreira Neto, &#8220;o m\u00e9todo utilizado para gerar bonifica\u00e7\u00e3o aos auditores fiscais por multas aplicadas a contribuintes \u00e9 inconstitucional e ileg\u00edtimo&#8221;.<\/p>\n<p>O assunto ser\u00e1 debatido por Gustavo Masina, do Instituto de Estudos Tribut\u00e1rios (IET) e da Funda\u00e7\u00e3o Escola Superior do Minist\u00e9rio P\u00fablico (FMP), e Simone Anacleto, da Procuradoria-Geral da Fazenda Nacional (PGFN), durante o XXI Simp\u00f3sio de Direito Tribut\u00e1rio do IET, nos dias 30 e <span id=\"OBJ_PREFIX_DWT2441_com_zimbra_date\"><span id=\"OBJ_PREFIX_DWT2453_com_zimbra_date\">31 de outubro<\/span><\/span>, em Porto Alegre.<\/p>\n<p>Para o vice-presidente do IET, Arthur Ferreira Neto, que tamb\u00e9m participar\u00e1 do Simp\u00f3sio, o b\u00f4nus pode abalar o compromisso do fiscal com a legalidade, j\u00e1 que a pessoa <span id=\"OBJ_PREFIX_DWT2442_com_zimbra_date\"><span id=\"OBJ_PREFIX_DWT2454_com_zimbra_date\">ter<\/span><\/span>\u00e1 interesse direto em cobrar o m\u00e1ximo poss\u00edvel de penalidades para obter, individualmente, uma vantagem econ\u00f4mica.<\/p>\n<p>&#8220;Em vigor desde janeiro deste ano, o b\u00f4nus de efici\u00eancia j\u00e1 registra n\u00fameros exorbitantes se comparado com o mesmo per\u00edodo de 2016. Segundo dados que constam no Balan\u00e7o da Fiscaliza\u00e7\u00e3o, divulgado pela Receita Federal, s\u00f3 neste semestre a quantidade de multas aplicadas cresceu mais de 116%, o equivalente a R$ 185 milh\u00f5es. Al\u00e9m disso, a quantidade de autua\u00e7\u00f5es tamb\u00e9m teve um aumento de 11,4%, resultando em quase 17% na arrecada\u00e7\u00e3o&#8221;, relatou o IET.<\/p>\n<p>Ainda de acordo com o documento, as empresas foram respons\u00e1veis por 95% da arrecada\u00e7\u00e3o federal neste semestre. \u201cEsses n\u00fameros s\u00e3o extremamente preocupantes, porque \u00e9 um mecanismo que supostamente visa a premiar o fiscal que \u00e9 mais diligente, mas ele acaba gerando distor\u00e7\u00f5es. Gera uma inclina\u00e7\u00e3o, um est\u00edmulo do fiscal na cobran\u00e7a de multas a fim de <span id=\"OBJ_PREFIX_DWT2443_com_zimbra_date\"><span id=\"OBJ_PREFIX_DWT2455_com_zimbra_date\">ter<\/span><\/span> um aumento na sua remunera\u00e7\u00e3o individual\u201d, disse o vice-presidente do IET.<\/p>\n<p>O especialista tribut\u00e1rio acredita que a bonifica\u00e7\u00e3o deturpa qualquer tipo de rela\u00e7\u00e3o que o estado tem com o cidad\u00e3o. \u201cO estado tem que seguir, pautar a situa\u00e7\u00e3o, exclusivamente pela lei e n\u00e3o com base nos interesses individuais daqueles agentes p\u00fablicos que podem <span id=\"OBJ_PREFIX_DWT2444_com_zimbra_date\"><span id=\"OBJ_PREFIX_DWT2456_com_zimbra_date\">ter<\/span><\/span> um aumento de sal\u00e1rio e de remunera\u00e7\u00e3o por causa disso. \u00c9 uma coisa que prejudica a imparcialidade que a administra\u00e7\u00e3o p\u00fablica deve <span id=\"OBJ_PREFIX_DWT2445_com_zimbra_date\"><span id=\"OBJ_PREFIX_DWT2457_com_zimbra_date\">ter<\/span><\/span> diante do administrado. Isso mistura, de uma forma indevida, as esferas do p\u00fablico e do privado\u201d, ressaltou.<\/p>\n<p>&#8220;A MP que deu origem ao b\u00f4nus de efici\u00eancia modificou a configura\u00e7\u00e3o do Fundo Especial de Desenvolvimento e Aperfei\u00e7oamento das Atividades de Fiscaliza\u00e7\u00e3o (Fundaf), que recebe uma quantia em dinheiro e uma das fontes que desse fundo s\u00e3o as multas fiscais. O fundo recebido \u00e9 destinado para estrutura da Receita Federal e do Conselho Administrativo de Recursos Fiscais (Carf). Por\u00e9m, com a medida provis\u00f3ria, 100% do dinheiro est\u00e1 sendo direcionado para o pagamento da bonifica\u00e7\u00e3o&#8221;, apontou o IET.<\/p>\n<p>XXI Simp\u00f3sio de Direito Tribut\u00e1rio do IET<\/p>\n<p>Data: 30 e <span id=\"OBJ_PREFIX_DWT2446_com_zimbra_date\"><span id=\"OBJ_PREFIX_DWT2458_com_zimbra_date\">31 de outubro<\/span><\/span><\/p>\n<p>Local: Audit\u00f3rio 40 &#8211; PUCRS, Porto Alegre<\/p>\n<p>Inscri\u00e7\u00f5es abertas pelo site <span id=\"OBJ_PREFIX_DWT2447_com_zimbra_url\"><span id=\"OBJ_PREFIX_DWT2459_com_zimbra_url\"><a href=\"http:\/\/www.iet.org.br\" target=\"_blank\">www.iet.org.br<\/a><\/span><\/span><\/p>\n","protected":false},"excerpt":{"rendered":"<p>O assunto ser\u00e1 discutido durante o XXI Simp\u00f3sio de Direito Tribut\u00e1rio do IET, nos dias 30 e 31 de outubro, em Porto Alegre A lei n\u00ba 13.464, que institui o \u201cb\u00f4nus de efici\u00eancia\u201d para auditores da Receita Federal, um resultado da Medida Provis\u00f3ria 765, vem causando distor\u00e7\u00f5es. Para o vice-presidente do Instituto de Estudos Tribut\u00e1rios (IET), Arthur Ferreira Neto, &#8220;o [&hellip;]<\/p>\n","protected":false},"author":27,"featured_media":0,"comment_status":"open","ping_status":"closed","sticky":false,"template":"","format":"standard","meta":{"footnotes":""},"categories":[2719],"tags":[946,648,775,202,9460,231,3741,881,515,9462,116,2977,1033,67,9458,6637,291,694,4408,4952,1496,4237,9461,294,58,9459,4138],"class_list":["post-7108","post","type-post","status-publish","format-standard","hentry","category-servidor","tag-arrecadacao","tag-auditores-fiscais","tag-autuacoes","tag-balanco","tag-bonificacao","tag-bonus","tag-cobrar","tag-compromisso","tag-contribuintes","tag-diligente","tag-direito","tag-distorcoes","tag-eficiencia","tag-fiscal","tag-iet","tag-ilegitimo","tag-inconstitucional","tag-interesse","tag-legalidade","tag-mp-765","tag-multas","tag-penalidades","tag-permiar","tag-receita-federal","tag-servidores","tag-simposio","tag-tributario"],"_links":{"self":[{"href":"https:\/\/blogs.correiobraziliense.com.br\/servidor\/wp-json\/wp\/v2\/posts\/7108","targetHints":{"allow":["GET"]}}],"collection":[{"href":"https:\/\/blogs.correiobraziliense.com.br\/servidor\/wp-json\/wp\/v2\/posts"}],"about":[{"href":"https:\/\/blogs.correiobraziliense.com.br\/servidor\/wp-json\/wp\/v2\/types\/post"}],"author":[{"embeddable":true,"href":"https:\/\/blogs.correiobraziliense.com.br\/servidor\/wp-json\/wp\/v2\/users\/27"}],"replies":[{"embeddable":true,"href":"https:\/\/blogs.correiobraziliense.com.br\/servidor\/wp-json\/wp\/v2\/comments?post=7108"}],"version-history":[{"count":1,"href":"https:\/\/blogs.correiobraziliense.com.br\/servidor\/wp-json\/wp\/v2\/posts\/7108\/revisions"}],"predecessor-version":[{"id":7109,"href":"https:\/\/blogs.correiobraziliense.com.br\/servidor\/wp-json\/wp\/v2\/posts\/7108\/revisions\/7109"}],"wp:attachment":[{"href":"https:\/\/blogs.correiobraziliense.com.br\/servidor\/wp-json\/wp\/v2\/media?parent=7108"}],"wp:term":[{"taxonomy":"category","embeddable":true,"href":"https:\/\/blogs.correiobraziliense.com.br\/servidor\/wp-json\/wp\/v2\/categories?post=7108"},{"taxonomy":"post_tag","embeddable":true,"href":"https:\/\/blogs.correiobraziliense.com.br\/servidor\/wp-json\/wp\/v2\/tags?post=7108"}],"curies":[{"name":"wp","href":"https:\/\/api.w.org\/{rel}","templated":true}]}}