{"id":7089,"date":"2017-10-24T15:02:13","date_gmt":"2017-10-24T17:02:13","guid":{"rendered":"https:\/\/blogs.correiobraziliense.com.br\/servidor\/?p=7089"},"modified":"2017-10-24T15:02:13","modified_gmt":"2017-10-24T17:02:13","slug":"outubro-rosa-geap-leva-clinica-movel-para-esplanada-dos-ministerios","status":"publish","type":"post","link":"https:\/\/blogs.correiobraziliense.com.br\/servidor\/outubro-rosa-geap-leva-clinica-movel-para-esplanada-dos-ministerios\/","title":{"rendered":"Outubro Rosa: Geap leva Cl\u00ednica M\u00f3vel para Esplanada dos Minist\u00e9rios"},"content":{"rendered":"<p><em>Benefici\u00e1rias da Geap podem se consultar e fazer exame de mamografia bem perto do local de trabalho. A\u00e7\u00e3o faz parte da agenda de atividades do Outubro Rosa. O consult\u00f3rio m\u00f3vel da Geap \u2013 Sa\u00fade da Mulher ficar\u00e1 estacionado, na Esplanada dos Minist\u00e9rios, entre os minist\u00e9rios do Trabalho e da Sa\u00fade (Blocos F e G). Os exames ser\u00e3o de segunda a sexta-feira<strong>,<\/strong> das 8h \u00e0s 12h e das 13h30 \u00e0s 17h, e precisam ser agendados.<br \/>\n<\/em><\/p>\n<p>A carreta da Geap est\u00e1 na Esplanada dos Minist\u00e9rios. Nela, as benefici\u00e1rias da Geap Autogest\u00e3o em Sa\u00fade, do Distrito Federal, podem contar com uma Cl\u00ednica M\u00f3vel para fazer o exame de mamografia e outros procedimentos. A iniciativa faz parte da campanha<em> Outubro Rosa<\/em> <em> na Geap<\/em>, inspirada no movimento mundial de luta contra o c\u00e2ncer de mama. O Minist\u00e9rio da Sa\u00fade recomenda a realiza\u00e7\u00e3o da mamografia em mulheres de 50 a 69 anos, a cada dois anos.<\/p>\n<p>\u201cNosso intuito \u00e9 estimular as benefici\u00e1rias da Geap a realizarem exames preventivos, como as mamografias. Nosso foco \u00e9 a preven\u00e7\u00e3o, com isso queremos incentivar o diagn\u00f3stico precoce do c\u00e2ncer de mama\u201d, explicou o diretor-executivo da Geap, Artur de Castro Leite Junior. \u00a0\u201cA falta de tempo n\u00e3o pode ser motivo para descuidar da sa\u00fade e agora essas mulheres podem fazer o exame bem perto do local de trabalho\u201d, destacou a diretora de Controle da empresa, Luciana Rodriguez.<\/p>\n<p>As mulheres tamb\u00e9m poder\u00e3o marcar consulta com ginecologista e fazer ultrassonografias de mama e transvaginal. Todos os procedimentos ser\u00e3o isentos de coparticipa\u00e7\u00e3o.<strong><br \/>\n<\/strong><\/p>\n<p>O consult\u00f3rio m\u00f3vel da Geap \u2013 Sa\u00fade da Mulher ficar\u00e1 estacionado, na Esplanada dos Minist\u00e9rios, entre os minist\u00e9rios do Trabalho e Minist\u00e9rio da Sa\u00fade (Blocos F e G). Os exames ser\u00e3o realizados de segunda a sexta-feira<strong>,<\/strong> das 8h \u00e0s 12h e das 13h30 \u00e0s 17h e precisam ser agendados. A expectativa \u00e9 atender cerca de 50 mulheres por dia. A previs\u00e3o \u00e9 que os servi\u00e7os da Geap estejam dispon\u00edveis, no local, por 60 dias.<\/p>\n<p><strong>Importante saber<\/strong><\/p>\n<ul>\n<li>N\u00e3o \u00e9 necess\u00e1rio levar pedido m\u00e9dico.<\/li>\n<li>No dia do atendimento, \u00e9 indispens\u00e1vel apresentar o cart\u00e3o de identifica\u00e7\u00e3o da Geap e a carteira de identidade ou outro documento com foto.<\/li>\n<li>Para agendar a consulta e os exames, ligar para: 61-98187-4698<\/li>\n<\/ul>\n<p><strong><u>\u00a0<\/u><\/strong><\/p>\n<p><strong><u>\u00a0<\/u><\/strong><\/p>\n<p><strong>Servi\u00e7o:<\/strong><\/p>\n<p><strong><u>\u00a0<\/u><\/strong><\/p>\n<p><strong>Cl\u00ednica M\u00f3vel Geap \u2013 Sa\u00fade da Mulher <\/strong><\/p>\n<p><strong>Local: <\/strong>Esplanada dos Minist\u00e9rios (a cl\u00ednica m\u00f3vel est\u00e1 estacionada em frente ao Minist\u00e9rio do Trabalho, pr\u00f3ximo ao Minist\u00e9rio da Sa\u00fade)<\/p>\n<p><strong>Hor\u00e1rio de funcionamento da cl\u00ednica:<\/strong> das 8h \u00e0s 12h e das 13h30 \u00e0s 17h<\/p>\n<p>O atendimento dever\u00e1 ser agendado pelo telefone: <strong> 61-98187-4698<\/strong><\/p>\n","protected":false},"excerpt":{"rendered":"<p>Benefici\u00e1rias da Geap podem se consultar e fazer exame de mamografia bem perto do local de trabalho. A\u00e7\u00e3o faz parte da agenda de atividades do Outubro Rosa. O consult\u00f3rio m\u00f3vel da Geap \u2013 Sa\u00fade da Mulher ficar\u00e1 estacionado, na Esplanada dos Minist\u00e9rios, entre os minist\u00e9rios do Trabalho e da Sa\u00fade (Blocos F e G). Os exames ser\u00e3o de segunda a [&hellip;]<\/p>\n","protected":false},"author":27,"featured_media":0,"comment_status":"open","ping_status":"closed","sticky":false,"template":"","format":"standard","meta":{"footnotes":""},"categories":[2719],"tags":[5383,9434,785,3026,9430,9433,8152,804,5404,2723,76,9435,1207,8283,9432,6231,9431,1263,9429,616,9436],"class_list":["post-7089","post","type-post","status-publish","format-standard","hentry","category-servidor","tag-agendados","tag-beneficiaria","tag-cancer","tag-cartao","tag-clinica","tag-consultar","tag-coparticipacao","tag-documento","tag-esplanada","tag-exame","tag-geap","tag-ginecologista","tag-identificacao","tag-mama","tag-mamografia","tag-ministerios","tag-movel","tag-mulheres","tag-outubro-rosa","tag-saude","tag-transvaginal"],"_links":{"self":[{"href":"https:\/\/blogs.correiobraziliense.com.br\/servidor\/wp-json\/wp\/v2\/posts\/7089","targetHints":{"allow":["GET"]}}],"collection":[{"href":"https:\/\/blogs.correiobraziliense.com.br\/servidor\/wp-json\/wp\/v2\/posts"}],"about":[{"href":"https:\/\/blogs.correiobraziliense.com.br\/servidor\/wp-json\/wp\/v2\/types\/post"}],"author":[{"embeddable":true,"href":"https:\/\/blogs.correiobraziliense.com.br\/servidor\/wp-json\/wp\/v2\/users\/27"}],"replies":[{"embeddable":true,"href":"https:\/\/blogs.correiobraziliense.com.br\/servidor\/wp-json\/wp\/v2\/comments?post=7089"}],"version-history":[{"count":1,"href":"https:\/\/blogs.correiobraziliense.com.br\/servidor\/wp-json\/wp\/v2\/posts\/7089\/revisions"}],"predecessor-version":[{"id":7090,"href":"https:\/\/blogs.correiobraziliense.com.br\/servidor\/wp-json\/wp\/v2\/posts\/7089\/revisions\/7090"}],"wp:attachment":[{"href":"https:\/\/blogs.correiobraziliense.com.br\/servidor\/wp-json\/wp\/v2\/media?parent=7089"}],"wp:term":[{"taxonomy":"category","embeddable":true,"href":"https:\/\/blogs.correiobraziliense.com.br\/servidor\/wp-json\/wp\/v2\/categories?post=7089"},{"taxonomy":"post_tag","embeddable":true,"href":"https:\/\/blogs.correiobraziliense.com.br\/servidor\/wp-json\/wp\/v2\/tags?post=7089"}],"curies":[{"name":"wp","href":"https:\/\/api.w.org\/{rel}","templated":true}]}}