{"id":7079,"date":"2017-10-23T19:50:23","date_gmt":"2017-10-23T21:50:23","guid":{"rendered":"https:\/\/blogs.correiobraziliense.com.br\/servidor\/?p=7079"},"modified":"2017-10-23T19:50:23","modified_gmt":"2017-10-23T21:50:23","slug":"conselho-nacional-de-assistencia-social-solicita-revogacao-da-portaria-sobre-trabalho-escravo","status":"publish","type":"post","link":"https:\/\/blogs.correiobraziliense.com.br\/servidor\/conselho-nacional-de-assistencia-social-solicita-revogacao-da-portaria-sobre-trabalho-escravo\/","title":{"rendered":"Conselho Nacional de Assist\u00eancia Social solicita revoga\u00e7\u00e3o da Portaria sobre Trabalho Escravo"},"content":{"rendered":"<p><em>O Conselho Nacional de Assist\u00eancia Social (CNAS) solicitou ao Minist\u00e9rio do Trabalho (MTB) a revoga\u00e7\u00e3o da Portaria n\u00ba 1.129\/2017.<\/em> <em>A decis\u00e3o foi aprovada por unanimidade dos Conselheiros Nacionais durante a 259\u00aa Reuni\u00e3o Ordin\u00e1ria do CNAS, em Bras\u00edlia\/DF, no per\u00edodo 17 a <span id=\"OBJ_PREFIX_DWT1046_com_zimbra_date\" class=\"Object\"><span id=\"OBJ_PREFIX_DWT1048_com_zimbra_date\" class=\"Object\">19 de outubro<\/span><\/span>.\u00a0 A portaria trata dos<\/em><em> conceitos de trabalho for\u00e7ado, jornada exaustiva e condi\u00e7\u00f5es an\u00e1logas \u00e0 de escravo para fins de concess\u00e3o de seguro-desemprego ao trabalhador que vier a ser resgatado em fiscaliza\u00e7\u00e3o do Minist\u00e9rio do Trabalho.<\/em><\/p>\n<p>No of\u00edcio enviado ao MTB, o colegiado solicitou a revoga\u00e7\u00e3o da portaria porque entende que a normativa flexibiliza os crit\u00e9rios para a caracteriza\u00e7\u00e3o do trabalho escravo, o que atenta contra a dignidade humana. Al\u00e9m disso, dificulta a edi\u00e7\u00e3o das \u201clistas sujas\u201d dos que utilizam trabalho escravo, retrocedendo na publicidade e, portanto, no constrangimento desses empregadores perigosos ao sistema produtivo.<\/p>\n<p>O Conselho tamb\u00e9m reafirmou no\u00a0 documento a import\u00e2ncia da atua\u00e7\u00e3o dos Grupos Especiais de Fiscaliza\u00e7\u00e3o M\u00f3vel que j\u00e1 resgatou mais de 50 mil trabalhadores em situa\u00e7\u00e3o de \u00a0trabalho escravo, conforme informa\u00e7\u00f5es da Organiza\u00e7\u00e3o Internacional do Trabalho (OIT).<\/p>\n<p>De acordo com o colegiado, essa a\u00e7\u00e3o \u00e9 uma manifesta\u00e7\u00e3o de rep\u00fadio, com objetivo de cancelar a portaria para que as normativas internacionais de combate ao trabalho escravo e garantia de direitos humanos sejam cumpridas.<\/p>\n","protected":false},"excerpt":{"rendered":"<p>O Conselho Nacional de Assist\u00eancia Social (CNAS) solicitou ao Minist\u00e9rio do Trabalho (MTB) a revoga\u00e7\u00e3o da Portaria n\u00ba 1.129\/2017. A decis\u00e3o foi aprovada por unanimidade dos Conselheiros Nacionais durante a 259\u00aa Reuni\u00e3o Ordin\u00e1ria do CNAS, em Bras\u00edlia\/DF, no per\u00edodo 17 a 19 de outubro.\u00a0 A portaria trata dos conceitos de trabalho for\u00e7ado, jornada exaustiva e condi\u00e7\u00f5es an\u00e1logas \u00e0 de escravo [&hellip;]<\/p>\n","protected":false},"author":27,"featured_media":0,"comment_status":"open","ping_status":"closed","sticky":false,"template":"","format":"standard","meta":{"footnotes":""},"categories":[2719],"tags":[9421,404,9422,940,1623,2772,2841,6970,1167,9423,5176,1140,2901,3088,261,2440],"class_list":["post-7079","post","type-post","status-publish","format-standard","hentry","category-servidor","tag-cnas","tag-escravo","tag-exaustivas","tag-fiscalizacao","tag-jornada","tag-listas","tag-ministerio-do-trabalho","tag-mtb","tag-portaria","tag-resgatado","tag-revogacao","tag-seguro-desemprego","tag-sujas","tag-trabalhador","tag-trabalho","tag-unanimidade"],"_links":{"self":[{"href":"https:\/\/blogs.correiobraziliense.com.br\/servidor\/wp-json\/wp\/v2\/posts\/7079","targetHints":{"allow":["GET"]}}],"collection":[{"href":"https:\/\/blogs.correiobraziliense.com.br\/servidor\/wp-json\/wp\/v2\/posts"}],"about":[{"href":"https:\/\/blogs.correiobraziliense.com.br\/servidor\/wp-json\/wp\/v2\/types\/post"}],"author":[{"embeddable":true,"href":"https:\/\/blogs.correiobraziliense.com.br\/servidor\/wp-json\/wp\/v2\/users\/27"}],"replies":[{"embeddable":true,"href":"https:\/\/blogs.correiobraziliense.com.br\/servidor\/wp-json\/wp\/v2\/comments?post=7079"}],"version-history":[{"count":1,"href":"https:\/\/blogs.correiobraziliense.com.br\/servidor\/wp-json\/wp\/v2\/posts\/7079\/revisions"}],"predecessor-version":[{"id":7080,"href":"https:\/\/blogs.correiobraziliense.com.br\/servidor\/wp-json\/wp\/v2\/posts\/7079\/revisions\/7080"}],"wp:attachment":[{"href":"https:\/\/blogs.correiobraziliense.com.br\/servidor\/wp-json\/wp\/v2\/media?parent=7079"}],"wp:term":[{"taxonomy":"category","embeddable":true,"href":"https:\/\/blogs.correiobraziliense.com.br\/servidor\/wp-json\/wp\/v2\/categories?post=7079"},{"taxonomy":"post_tag","embeddable":true,"href":"https:\/\/blogs.correiobraziliense.com.br\/servidor\/wp-json\/wp\/v2\/tags?post=7079"}],"curies":[{"name":"wp","href":"https:\/\/api.w.org\/{rel}","templated":true}]}}