{"id":7052,"date":"2017-10-19T13:18:11","date_gmt":"2017-10-19T15:18:11","guid":{"rendered":"https:\/\/blogs.correiobraziliense.com.br\/servidor\/?p=7052"},"modified":"2017-10-19T13:18:11","modified_gmt":"2017-10-19T15:18:11","slug":"frente-em-defesa-do-sus-prepara-mobilizacao-no-stf-contra-ec-86","status":"publish","type":"post","link":"https:\/\/blogs.correiobraziliense.com.br\/servidor\/frente-em-defesa-do-sus-prepara-mobilizacao-no-stf-contra-ec-86\/","title":{"rendered":"Frente em Defesa do SUS prepara mobiliza\u00e7\u00e3o no STF contra a EC 86"},"content":{"rendered":"<p><em>A Frente em defesa do SUS e o Conselho Nacional de Sa\u00fade (CNS)\u00a0 fazem ato<span id=\"OBJ_PREFIX_DWT1635_com_zimbra_date\" class=\"Object\"><span id=\"OBJ_PREFIX_DWT1640_com_zimbra_date\" class=\"Object\"><\/span><\/span>, \u00e0s 14h, na Pra\u00e7a dos Tr\u00eas Poderes, em Bras\u00edlia.<\/em><\/p>\n<p>O motivo \u00e9 a sess\u00e3o no Supremo Tribunal Federal (STF) que ir\u00e1 decidir sobre a A\u00e7\u00e3o de Inconstitucionalidade (ADI) 5595, uma a\u00e7\u00e3o contra a Emenda Constitucional 86\/2015, aprovada pelo Congresso Nacional. Na ocasi\u00e3o, tamb\u00e9m acontecer\u00e1 um twitta\u00e7o com as hashtags #AnulaEC86 #oSUSn\u00e3oPodeMorrer.<\/p>\n<p>No dia <span id=\"OBJ_PREFIX_DWT1636_com_zimbra_date\" class=\"Object\"><span id=\"OBJ_PREFIX_DWT1641_com_zimbra_date\" class=\"Object\">28 de setembro<\/span><\/span> deste ano, o ministro do STF, Ricardo Lewandowski, recebeu o CNS e a Frente, marcando a sess\u00e3o para pr\u00f3ximo dia 19, \u00e0s 14h. A EC 86\/2015 reduz os investimentos no Sistema \u00danico de Sa\u00fade (SUS). Por isso, a ADI 5595 solicita ao STF a anula\u00e7\u00e3o de dois artigos da emenda.<\/p>\n<p>&#8220;O artigo 2\u00ba, que regrediu o piso da Uni\u00e3o para a sa\u00fade para 13,2% da Receita Corrente L\u00edquida (RCL); e o artigo 3\u00ba, que retirou os recursos do pr\u00e9-sal como fonte adicional de receitas para o SUS. A decis\u00e3o ser\u00e1 julgada pelos 10 ministros do STF. A retirada de recursos para o financiamento do SUS causa consequ\u00eancias negativas para a popula\u00e7\u00e3o brasileira. O acesso \u00e0 sa\u00fade universal, gratuita e de qualidade \u00e9 direito fundamental previsto na Constitui\u00e7\u00e3o Federal de 1988&#8221;, informou a Frente.<\/p>\n<p>A mobiliza\u00e7\u00e3o\u00e9 aberta \u00e0 popula\u00e7\u00e3o e \u00e0s entidades que desejarem defender a pauta. O CNS e a Frente solicitam confirmar presen\u00e7a pelo e-mail <span id=\"OBJ_PREFIX_DWT1637_ZmEmailObjectHandler\" class=\"Object\"><span id=\"OBJ_PREFIX_DWT1642_ZmEmailObjectHandler\" class=\"Object\"><a href=\"mailto:cns@saude.gov.br\" target=\"_blank\">cns@saude.gov.br<\/a><\/span><\/span>. Al\u00e9m da mobiliza\u00e7\u00e3o contra a EC 86\/2015, o CNS e a Frente em defesa do SUS tamb\u00e9m colhem assinaturas contra a EC 95, aprovada 2016, que deve congelar os gastos com sa\u00fade e educa\u00e7\u00e3o por 20 anos, a partir de 2018.<\/p>\n","protected":false},"excerpt":{"rendered":"<p>A Frente em defesa do SUS e o Conselho Nacional de Sa\u00fade (CNS)\u00a0 fazem ato, \u00e0s 14h, na Pra\u00e7a dos Tr\u00eas Poderes, em Bras\u00edlia. O motivo \u00e9 a sess\u00e3o no Supremo Tribunal Federal (STF) que ir\u00e1 decidir sobre a A\u00e7\u00e3o de Inconstitucionalidade (ADI) 5595, uma a\u00e7\u00e3o contra a Emenda Constitucional 86\/2015, aprovada pelo Congresso Nacional. Na ocasi\u00e3o, tamb\u00e9m acontecer\u00e1 um [&hellip;]<\/p>\n","protected":false},"author":27,"featured_media":0,"comment_status":"open","ping_status":"closed","sticky":false,"template":"","format":"standard","meta":{"footnotes":""},"categories":[2719],"tags":[9372,2046,3607,5899,9375,100,2584,1201,9370,7716,9377,2012,9374,1008,481,1002,9376,326,316,34,2000,9371,9373],"class_list":["post-7052","post","type-post","status-publish","format-standard","hentry","category-servidor","tag-adi-5595","tag-adicional","tag-anulacao","tag-artigos","tag-cns","tag-congresso","tag-constituicao","tag-defesa","tag-ec-86","tag-ec-95","tag-fonte","tag-frente","tag-hashtags","tag-investimentos","tag-mobilizacao","tag-pre-sal","tag-rcl","tag-receitas","tag-recursos","tag-stf","tag-sus","tag-tres-poderes","tag-twittaco"],"_links":{"self":[{"href":"https:\/\/blogs.correiobraziliense.com.br\/servidor\/wp-json\/wp\/v2\/posts\/7052","targetHints":{"allow":["GET"]}}],"collection":[{"href":"https:\/\/blogs.correiobraziliense.com.br\/servidor\/wp-json\/wp\/v2\/posts"}],"about":[{"href":"https:\/\/blogs.correiobraziliense.com.br\/servidor\/wp-json\/wp\/v2\/types\/post"}],"author":[{"embeddable":true,"href":"https:\/\/blogs.correiobraziliense.com.br\/servidor\/wp-json\/wp\/v2\/users\/27"}],"replies":[{"embeddable":true,"href":"https:\/\/blogs.correiobraziliense.com.br\/servidor\/wp-json\/wp\/v2\/comments?post=7052"}],"version-history":[{"count":1,"href":"https:\/\/blogs.correiobraziliense.com.br\/servidor\/wp-json\/wp\/v2\/posts\/7052\/revisions"}],"predecessor-version":[{"id":7053,"href":"https:\/\/blogs.correiobraziliense.com.br\/servidor\/wp-json\/wp\/v2\/posts\/7052\/revisions\/7053"}],"wp:attachment":[{"href":"https:\/\/blogs.correiobraziliense.com.br\/servidor\/wp-json\/wp\/v2\/media?parent=7052"}],"wp:term":[{"taxonomy":"category","embeddable":true,"href":"https:\/\/blogs.correiobraziliense.com.br\/servidor\/wp-json\/wp\/v2\/categories?post=7052"},{"taxonomy":"post_tag","embeddable":true,"href":"https:\/\/blogs.correiobraziliense.com.br\/servidor\/wp-json\/wp\/v2\/tags?post=7052"}],"curies":[{"name":"wp","href":"https:\/\/api.w.org\/{rel}","templated":true}]}}