{"id":705,"date":"2015-12-17T14:05:53","date_gmt":"2015-12-17T16:05:53","guid":{"rendered":"https:\/\/blogs.correiobraziliense.com.br\/servidor\/?p=705"},"modified":"2015-12-17T14:05:53","modified_gmt":"2015-12-17T16:05:53","slug":"fenapef-homenageia-policiais-federais-que-atuaram-na-lava-jato","status":"publish","type":"post","link":"https:\/\/blogs.correiobraziliense.com.br\/servidor\/fenapef-homenageia-policiais-federais-que-atuaram-na-lava-jato\/","title":{"rendered":"FENAPEF HOMENAGEIA POLICIAIS FEDERAIS QUE ATUARAM NA LAVA JATO"},"content":{"rendered":"<p>A Federa\u00e7\u00e3o Nacional dos Policiais Federais (Fenapef) homenageou policiais federais que atuaram na Opera\u00e7\u00e3o Lava Jato, em Curitiba, em reconhecimento ao nas investiga\u00e7\u00f5es, que j\u00e1 resultam em 21 fases.<\/p>\n<p>Nesta ter\u00e7a-feira, 15, agentes, escriv\u00e3es, papiloscopistas e servidores administrativos que atuam e atuaram na Opera\u00e7\u00e3o Lava Jato receberam homenagens pelo destaque das pris\u00f5es ocorridas e desempenho nas investiga\u00e7\u00f5es, em Curitiba. O evento foi de iniciativa da Federa\u00e7\u00e3o Nacional dos Policiais Federais e do Sindicato dos Policiais Federais no Paran\u00e1, com o\u00a0apoio\u00a0da Associa\u00e7\u00e3o Comercial do Paran\u00e1.<\/p>\n<p>&nbsp;<\/p>\n<p>Segundo levantamento, na Lava Jato foram cumpridos 116 mandados de pris\u00e3o, 360 buscas e apreens\u00f5es, 941 procedimentos instaurados. Foram pedidos ressarcimento no valor de 14,5 bilh\u00f5es de reais aos cofres p\u00fablicos.<\/p>\n<p>&nbsp;<\/p>\n<p>Esses resultados s\u00e3o considerados divisor de \u00e1guas dentro da Pol\u00edcia Federal. O presidente eleito da Fenapef, Lu\u00eds Ant\u00f4nio Boudens, enfatizou que o evento \u00e9 uma forma de mostrar \u00e0 sociedade a atua\u00e7\u00e3o dos her\u00f3is an\u00f4nimos que trabalham diariamente para o sucesso da Opera\u00e7\u00e3o e em prol do Brasil. \u201cA Federa\u00e7\u00e3o, que pertence aos colegas, vem a p\u00fablico externar esse reconhecimento e\u00a0mostrar a sensa\u00e7\u00e3o de dever cumprido. N\u00f3s [Fenapef] sentimos orgulho dos nossos agentes\u201d.<\/p>\n<p>&nbsp;<\/p>\n<p>A Pol\u00edcia Federal \u00e9 uma institui\u00e7\u00e3o que conquistou a confian\u00e7a e admira\u00e7\u00e3o da popula\u00e7\u00e3o. Contando com apenas treze mil servidores, entre policiais e administrativos, vem cumprindo seu papel de forma satisfat\u00f3ria, em especial no combate \u00e0 corrup\u00e7\u00e3o.<\/p>\n<p>&nbsp;<\/p>\n<p>Segundo o presidente do Sindicato dos Policiais Federais no Estado do Paran\u00e1, Fernando Vicentine, o trabalho feito pelos policiais na Opera\u00e7\u00e3o Lava Jato \u00e9 baseado na intelig\u00eancia, produ\u00e7\u00e3o de provas, com discri\u00e7\u00e3o, com embasamento e sustenta\u00e7\u00e3o para o andamento dos processos criminais.<\/p>\n<p>&nbsp;<\/p>\n<p>Entre os homenageados, est\u00e1 o agente federal Newton Ishii, que ficou conhecido como o \u201cJapon\u00eas da Federal&#8221;, por estar sempre presente nas grandes pris\u00f5es da Opera\u00e7\u00e3o at\u00e9 o momento. Newton avalia que os policiais est\u00e3o apenas cumprindo seu dever, mas que o reconhecimento traz orgulho a quem trabalha pelo bem da sociedade.<\/p>\n<p>&nbsp;<\/p>\n","protected":false},"excerpt":{"rendered":"<p>A Federa\u00e7\u00e3o Nacional dos Policiais Federais (Fenapef) homenageou policiais federais que atuaram na Opera\u00e7\u00e3o Lava Jato, em Curitiba, em reconhecimento ao nas investiga\u00e7\u00f5es, que j\u00e1 resultam em 21 fases. Nesta ter\u00e7a-feira, 15, agentes, escriv\u00e3es, papiloscopistas e servidores administrativos que atuam e atuaram na Opera\u00e7\u00e3o Lava Jato receberam homenagens pelo destaque das pris\u00f5es ocorridas e desempenho nas investiga\u00e7\u00f5es, em Curitiba. O [&hellip;]<\/p>\n","protected":false},"author":27,"featured_media":0,"comment_status":"open","ping_status":"closed","sticky":false,"template":"","format":"standard","meta":{"footnotes":""},"categories":[1],"tags":[281,59,107,279,283,282,280],"class_list":["post-705","post","type-post","status-publish","format-standard","hentry","category-sem-categoria","tag-atuaram","tag-federais","tag-fenapef","tag-homenageia","tag-lava-jato","tag-operacao","tag-policias"],"_links":{"self":[{"href":"https:\/\/blogs.correiobraziliense.com.br\/servidor\/wp-json\/wp\/v2\/posts\/705","targetHints":{"allow":["GET"]}}],"collection":[{"href":"https:\/\/blogs.correiobraziliense.com.br\/servidor\/wp-json\/wp\/v2\/posts"}],"about":[{"href":"https:\/\/blogs.correiobraziliense.com.br\/servidor\/wp-json\/wp\/v2\/types\/post"}],"author":[{"embeddable":true,"href":"https:\/\/blogs.correiobraziliense.com.br\/servidor\/wp-json\/wp\/v2\/users\/27"}],"replies":[{"embeddable":true,"href":"https:\/\/blogs.correiobraziliense.com.br\/servidor\/wp-json\/wp\/v2\/comments?post=705"}],"version-history":[{"count":1,"href":"https:\/\/blogs.correiobraziliense.com.br\/servidor\/wp-json\/wp\/v2\/posts\/705\/revisions"}],"predecessor-version":[{"id":706,"href":"https:\/\/blogs.correiobraziliense.com.br\/servidor\/wp-json\/wp\/v2\/posts\/705\/revisions\/706"}],"wp:attachment":[{"href":"https:\/\/blogs.correiobraziliense.com.br\/servidor\/wp-json\/wp\/v2\/media?parent=705"}],"wp:term":[{"taxonomy":"category","embeddable":true,"href":"https:\/\/blogs.correiobraziliense.com.br\/servidor\/wp-json\/wp\/v2\/categories?post=705"},{"taxonomy":"post_tag","embeddable":true,"href":"https:\/\/blogs.correiobraziliense.com.br\/servidor\/wp-json\/wp\/v2\/tags?post=705"}],"curies":[{"name":"wp","href":"https:\/\/api.w.org\/{rel}","templated":true}]}}