{"id":7046,"date":"2017-10-18T19:27:15","date_gmt":"2017-10-18T21:27:15","guid":{"rendered":"https:\/\/blogs.correiobraziliense.com.br\/servidor\/?p=7046"},"modified":"2017-10-18T19:27:15","modified_gmt":"2017-10-18T21:27:15","slug":"tse-lanca-projeto-partiu-mudar-nesta-quinta-feira-19","status":"publish","type":"post","link":"https:\/\/blogs.correiobraziliense.com.br\/servidor\/tse-lanca-projeto-partiu-mudar-nesta-quinta-feira-19\/","title":{"rendered":"TSE lan\u00e7a projeto \u201cPartiu Mudar\u201d nesta quinta-feira (19)"},"content":{"rendered":"<p><em>O Tribunal Superior Eleitoral (TSE) far\u00e1 nesta quinta-feira (19), \u00e0s 8h30, no audit\u00f3rio 3, o\u00a0lan\u00e7amento do projeto \u201cPartiu Mudar \u2013 Educa\u00e7\u00e3o para a Cidadania Democr\u00e1tica no Ensino M\u00e9dio\u201d, parceria entre a Justi\u00e7a Eleitoral, o Fundo das Na\u00e7\u00f5es Unidas para a Inf\u00e2ncia (Unicef) e as Escolas Judici\u00e1rias Eleitorais (EJEs)<\/em><\/p>\n<p>Participar\u00e3o do lan\u00e7amento o presidente do TSE, ministro Gilmar Mendes, o diretor da EJE, F\u00e1bio Quintas, o diretor da EJE\/TRE-DF, desembargador Carlos Rodrigues, representantes do Unicef, o secret\u00e1rio de educa\u00e7\u00e3o do Distrito Federal J\u00falio Greg\u00f3rio Filho e estudantes de escolas de Bras\u00edlia.<\/p>\n<p>O projeto tem como objetivo contribuir para suprir a lacuna de educa\u00e7\u00e3o pol\u00edtica de jovens com idades entre 14 e 18 anos. A ideia \u00e9 trabalhar educa\u00e7\u00e3o para a cidadania com os alunos do ensino m\u00e9dio de escolas p\u00fablicas e privadas para ampliar a discuss\u00e3o, n\u00e3o apenas sobre o jovem eleitor, mas tamb\u00e9m sobre democracia, sistemas pol\u00edticos, minorias, o papel da m\u00eddia, dentre outros temas.<\/p>\n<p>Dessa forma, o projeto\u00a0#partiumudar\u00a0ser\u00e1 lan\u00e7ado por meio da disponibiliza\u00e7\u00e3o de um\u00a0website\u00a0criado especificamente para esse fim, que funciona como base\u00a0on-line\u00a0de iniciativas e\u00a0conte\u00fados\u00a0voltados para a educa\u00e7\u00e3o pol\u00edtica.<\/p>\n<p>Atualmente, o portal conta com: v\u00eddeos, imagens, guia do professor, guia do programa Eleitor do Futuro, espa\u00e7o para enquetes, bancos de boas pr\u00e1ticas (de alunos e professores), not\u00edcias e espa\u00e7o para di\u00e1logo com o TSE e com demais parceiros do projeto, operado pela Ouvidoria do TSE.<\/p>\n<p>As primeiras a\u00e7\u00f5es de implementa\u00e7\u00e3o do projeto ser\u00e3o realizadas no TSE, com a assinatura do Acordo de Coopera\u00e7\u00e3o entre o TSE, o TRE-DF e a Secretaria de Educa\u00e7\u00e3o do Distrito Federal, e tamb\u00e9m no Paran\u00e1, em Minas Gerais, no Rio Grande do Sul e na Bahia.<\/p>\n","protected":false},"excerpt":{"rendered":"<p>O Tribunal Superior Eleitoral (TSE) far\u00e1 nesta quinta-feira (19), \u00e0s 8h30, no audit\u00f3rio 3, o\u00a0lan\u00e7amento do projeto \u201cPartiu Mudar \u2013 Educa\u00e7\u00e3o para a Cidadania Democr\u00e1tica no Ensino M\u00e9dio\u201d, parceria entre a Justi\u00e7a Eleitoral, o Fundo das Na\u00e7\u00f5es Unidas para a Inf\u00e2ncia (Unicef) e as Escolas Judici\u00e1rias Eleitorais (EJEs) Participar\u00e3o do lan\u00e7amento o presidente do TSE, ministro Gilmar Mendes, o diretor [&hellip;]<\/p>\n","protected":false},"author":27,"featured_media":0,"comment_status":"open","ping_status":"closed","sticky":false,"template":"","format":"standard","meta":{"footnotes":""},"categories":[2719],"tags":[9356,439,4053,1576,48,9358,1160,6910,9359,5976,1415,101,2053,9357,9360],"class_list":["post-7046","post","type-post","status-publish","format-standard","hentry","category-servidor","tag-partiu-mudar","tag-cidadania","tag-democracia","tag-democratica","tag-educacao","tag-eje","tag-ensino-medio","tag-midia","tag-minorias","tag-on-line","tag-politica","tag-projeto","tag-tse","tag-unicet","tag-website"],"_links":{"self":[{"href":"https:\/\/blogs.correiobraziliense.com.br\/servidor\/wp-json\/wp\/v2\/posts\/7046","targetHints":{"allow":["GET"]}}],"collection":[{"href":"https:\/\/blogs.correiobraziliense.com.br\/servidor\/wp-json\/wp\/v2\/posts"}],"about":[{"href":"https:\/\/blogs.correiobraziliense.com.br\/servidor\/wp-json\/wp\/v2\/types\/post"}],"author":[{"embeddable":true,"href":"https:\/\/blogs.correiobraziliense.com.br\/servidor\/wp-json\/wp\/v2\/users\/27"}],"replies":[{"embeddable":true,"href":"https:\/\/blogs.correiobraziliense.com.br\/servidor\/wp-json\/wp\/v2\/comments?post=7046"}],"version-history":[{"count":1,"href":"https:\/\/blogs.correiobraziliense.com.br\/servidor\/wp-json\/wp\/v2\/posts\/7046\/revisions"}],"predecessor-version":[{"id":7047,"href":"https:\/\/blogs.correiobraziliense.com.br\/servidor\/wp-json\/wp\/v2\/posts\/7046\/revisions\/7047"}],"wp:attachment":[{"href":"https:\/\/blogs.correiobraziliense.com.br\/servidor\/wp-json\/wp\/v2\/media?parent=7046"}],"wp:term":[{"taxonomy":"category","embeddable":true,"href":"https:\/\/blogs.correiobraziliense.com.br\/servidor\/wp-json\/wp\/v2\/categories?post=7046"},{"taxonomy":"post_tag","embeddable":true,"href":"https:\/\/blogs.correiobraziliense.com.br\/servidor\/wp-json\/wp\/v2\/tags?post=7046"}],"curies":[{"name":"wp","href":"https:\/\/api.w.org\/{rel}","templated":true}]}}