{"id":7040,"date":"2017-10-18T16:22:41","date_gmt":"2017-10-18T18:22:41","guid":{"rendered":"https:\/\/blogs.correiobraziliense.com.br\/servidor\/?p=7040"},"modified":"2017-10-18T16:22:41","modified_gmt":"2017-10-18T18:22:41","slug":"ministros-do-planejamento-e-da-casa-civil-vao-receber-o-mst","status":"publish","type":"post","link":"https:\/\/blogs.correiobraziliense.com.br\/servidor\/ministros-do-planejamento-e-da-casa-civil-vao-receber-o-mst\/","title":{"rendered":"Ministros do Planejamento e da Casa Civil v\u00e3o receber o MST"},"content":{"rendered":"<p><em>Segundo informa\u00e7\u00f5es dos dois \u00f3rg\u00e3os, Dyogo Oliveira (Planejamento) e Eliseu Padilha (Casa Civil) marcaram uma audi\u00eancia para esta tarde com o Movimento dos Sem-Terra que est\u00e1 acampado em frente ao Planejamento desde as primeiras horas de ontem<\/em><\/p>\n<p>Por volta das 5h40 da manh\u00e3 de ontem centenas de manifestantes do Movimento Sem-Terra (MST) invadiram o pr\u00e9dio do Minist\u00e9rio do Planejamento, no Bloco K da Esplanada dos Minist\u00e9rios. Cortaram os cadeados e cercaram o local, com estruturas de banheiros qu\u00edmicos e cozinhas improvisadas. S\u00e3o cerca de mil pessoas, segundo os organizadores. De acordo com a Pol\u00edcia Militar, aproximadamente 300 militantes chegaram em seis \u00f4nibus e se alojaram em100 barracas Os protestos fazem parte da Jornada Nacional de Lutas de Outubro, contra os cortes no or\u00e7amento da reforma agr\u00e1ria e em defesa da alimenta\u00e7\u00e3o saud\u00e1vel.<\/p>\n<p>\u201cN\u00e3o sairemos daqui enquanto n\u00e3o formos recebido pelo ministro Dyogo Oliveira (do Planejamento ) e at\u00e9 que o governo fa\u00e7a o descontingenciamento do or\u00e7amento de 2017 e a recomposi\u00e7\u00e3o para o de 2018\u201d, afirmou Marina Ricardo Nunes, da dire\u00e7\u00e3o nacional do MST. Nos c\u00e1lculos do MST, a tesoura do governo prejudicou diversas pol\u00edticas p\u00fablicas. As verbas para o Programa de Aquisi\u00e7\u00e3o de Alimentos (PAA) sofreram corte de mais de 99%. Os recursos para aquisi\u00e7\u00e3o de terras para a reforma agr\u00e1ria baixaram quase 90%. E o Programa Nacional de Educa\u00e7\u00e3o na Reforma Agr\u00e1ria (Pronera) teve redu\u00e7\u00e3o de 86%.<\/p>\n<p>Para 2018, denunciou o MST, o or\u00e7amento para infraestrutura de assentamentos rurais e habita\u00e7\u00e3o ficou 69% abaixo do programado para 2017. E o do Programa Minha Casa, Minha Vida faixa 1, que atende fam\u00edlias com renda de at\u00e9 R$ 1.800, est\u00e1 zerado. \u201cDe 16 a 20 de outubro estamos em jornada unit\u00e1ria dos movimentos do campo para pressionar o governo federal para restabelecer como prioridade o or\u00e7amento da pol\u00edtica agr\u00e1ria\u201d, disse Marina. A Jornada de Lutas de Outubro envolve ainda as centrais sindicais, como CUT e, CTB, e movimentos do campo (MPA, CONTAG, MMC e MAM).<\/p>\n<p>Pelo Brasil, a Jornada envolve mais de 10 mil militantes em Mato Grosso, Goi\u00e1s, Alagoas, Pernambuco, Bahia, Sergipe, Cear\u00e1 e Para\u00edba, al\u00e9m do Distrito Federal. Foram ocupadas 10 unidades do Incra. Tamb\u00e9m foram ocupadas tr\u00eas fazendas improdutivas na Bahia, no Mato Grosso e em Goi\u00e1s. No Distrito Federal, as fam\u00edlias dos acampamentos Roseli Nunes e 8 de mar\u00e7o tomaram a sede do Terracap. Em Pernambuco, Alagoas e na Bahia, mais de seis sem-terra ocuparam as sedes do Incra em Macei\u00f3 (AL), Salvador, Ponto Novo (BA), Recife e Petrolina (PE).<\/p>\n<p><strong>Minist\u00e9rio<\/strong><\/p>\n<p>Depois da invas\u00e3o do Minist\u00e9rio da Agricultura, em maio deste ano, quando manifestantes depredaram e atearam fogo em v\u00e1rias salas, o governo se preparou para evitar mais preju\u00edzos em pr\u00e9dios oficiais. Os vidros foram trocados por pol\u00edmeros (material sint\u00e9tico que n\u00e3o quebra). Os servidores foram orientados a n\u00e3o ir trabalhar. Mas houve desavisados que tentaram entrar, mesmo com a vigil\u00e2ncia cerrada dos militantes do MST.<\/p>\n<p>Foi o caso de Carlos Alfredo Almeida, gestor da Secretaria de Planejamento e Assuntos Econ\u00f4micos (Seplan). \u201cEu n\u00e3o sabia dessa invas\u00e3o. Pensei que eles estariam do lado de fora. Um absurdo. Quero trabalhar\u201d, reclamou. Ele foi orientado por policiais militares a n\u00e3o insistir, porque \u201cn\u00e3o havia condi\u00e7\u00f5es de fazer a seguran\u00e7a pessoal dele, caso mantivesse a inten\u00e7\u00e3o de entrar no minist\u00e9rio\u201d, informou um dos policiais.<\/p>\n<p>Por meio de nota, a assessoria de imprensa informou, ontem, que a Advocacia-Geral da Uni\u00e3o vai pedir na Justi\u00e7a a reintegra\u00e7\u00e3o de posse. \u201cOs manifestantes est\u00e3o apenas no t\u00e9rreo, na entrada principal e no estacionamento em frente. Nenhuma outra \u00e1rea foi invadida. N\u00e3o h\u00e1 relatos de danos no pr\u00e9dio. Servidores n\u00e3o puderam entrar e foram dispensados\u201d, destacou a nota. At\u00e9 o momento (14h50), n\u00e3o foi marcada audi\u00eancia com o ministro e tamb\u00e9m n\u00e3o houve ordem para que os manifestantes fossem retirados por for\u00e7a policial ou militar.<\/p>\n<p>Diante da invas\u00e3o do MST, o ministro Dyogo Oliveira foi despachar no Bloco C, do outro lado da Esplanada, onde fica a Secretaria de Gest\u00e3o de Pessoas e Rela\u00e7\u00f5es do Trabalho, com refor\u00e7o policial para garantir o cumprimento da agenda. Pela manh\u00e3, ele se deslocou para reuni\u00f5es \u2013 anteriormente marcada \u2013 com a procuradora-geral da Rep\u00fablica, Raquel Dodge, e com o ministro-chefe da Casa Civil, Eliseu Padilha. Oliveira retornou ao Bloco C para reuni\u00e3o como o empres\u00e1rio Zou Zhillei, presidente da Huawei para a Am\u00e9rica Latina.<\/p>\n<p>&nbsp;<\/p>\n","protected":false},"excerpt":{"rendered":"<p>Segundo informa\u00e7\u00f5es dos dois \u00f3rg\u00e3os, Dyogo Oliveira (Planejamento) e Eliseu Padilha (Casa Civil) marcaram uma audi\u00eancia para esta tarde com o Movimento dos Sem-Terra que est\u00e1 acampado em frente ao Planejamento desde as primeiras horas de ontem Por volta das 5h40 da manh\u00e3 de ontem centenas de manifestantes do Movimento Sem-Terra (MST) invadiram o pr\u00e9dio do Minist\u00e9rio do Planejamento, no [&hellip;]<\/p>\n","protected":false},"author":27,"featured_media":0,"comment_status":"open","ping_status":"closed","sticky":false,"template":"","format":"standard","meta":{"footnotes":""},"categories":[2719],"tags":[9345,6377,479,9349,766,2395,9346,5404,4898,3515,487,2147,318,9347,3,706,9348,1633,1931,711,5666,1143,259],"class_list":["post-7040","post","type-post","status-publish","format-standard","hentry","category-servidor","tag-acampado","tag-agraria","tag-alimentacao","tag-assentamentos","tag-casa-civil","tag-cortes","tag-descontingencimento","tag-esplanada","tag-familias","tag-habitacao","tag-infraestrutura","tag-mst","tag-orcamento","tag-paa","tag-planejamento","tag-politicas","tag-pronera","tag-publicas","tag-recomposicao","tag-reforma","tag-rural","tag-saudavel","tag-verba"],"_links":{"self":[{"href":"https:\/\/blogs.correiobraziliense.com.br\/servidor\/wp-json\/wp\/v2\/posts\/7040","targetHints":{"allow":["GET"]}}],"collection":[{"href":"https:\/\/blogs.correiobraziliense.com.br\/servidor\/wp-json\/wp\/v2\/posts"}],"about":[{"href":"https:\/\/blogs.correiobraziliense.com.br\/servidor\/wp-json\/wp\/v2\/types\/post"}],"author":[{"embeddable":true,"href":"https:\/\/blogs.correiobraziliense.com.br\/servidor\/wp-json\/wp\/v2\/users\/27"}],"replies":[{"embeddable":true,"href":"https:\/\/blogs.correiobraziliense.com.br\/servidor\/wp-json\/wp\/v2\/comments?post=7040"}],"version-history":[{"count":1,"href":"https:\/\/blogs.correiobraziliense.com.br\/servidor\/wp-json\/wp\/v2\/posts\/7040\/revisions"}],"predecessor-version":[{"id":7041,"href":"https:\/\/blogs.correiobraziliense.com.br\/servidor\/wp-json\/wp\/v2\/posts\/7040\/revisions\/7041"}],"wp:attachment":[{"href":"https:\/\/blogs.correiobraziliense.com.br\/servidor\/wp-json\/wp\/v2\/media?parent=7040"}],"wp:term":[{"taxonomy":"category","embeddable":true,"href":"https:\/\/blogs.correiobraziliense.com.br\/servidor\/wp-json\/wp\/v2\/categories?post=7040"},{"taxonomy":"post_tag","embeddable":true,"href":"https:\/\/blogs.correiobraziliense.com.br\/servidor\/wp-json\/wp\/v2\/tags?post=7040"}],"curies":[{"name":"wp","href":"https:\/\/api.w.org\/{rel}","templated":true}]}}