{"id":703,"date":"2015-12-16T17:05:29","date_gmt":"2015-12-16T19:05:29","guid":{"rendered":"https:\/\/blogs.correiobraziliense.com.br\/servidor\/?p=703"},"modified":"2015-12-16T17:05:29","modified_gmt":"2015-12-16T19:05:29","slug":"painel-virtual-com-infograficos-sobre-perfil-dos-servidores-federais","status":"publish","type":"post","link":"https:\/\/blogs.correiobraziliense.com.br\/servidor\/painel-virtual-com-infograficos-sobre-perfil-dos-servidores-federais\/","title":{"rendered":"PAINEL VIRTUAL COM INFOGR\u00c1FICOS SOBRE PERFIL DOS SERVIDORES FEDERAIS"},"content":{"rendered":"<div align=\"center\"><span style=\"font-family: Calibri,sans-serif;font-size: small\"><span style=\"font-family: Arial,sans-serif\"><em>De acordo com o Minist\u00e9rio do Planejamento, a sele\u00e7\u00e3o dos dados foi feita a partir de informa\u00e7\u00f5es mais solicitadas por \u00f3rg\u00e3os de governo, jornalistas e cidad\u00e3os<\/em><\/span><\/span><\/div>\n<div align=\"justify\"><span style=\"font-family: Calibri,sans-serif;font-size: small\"><span style=\"font-family: Arial,sans-serif\">\u00a0<\/span><\/span><\/div>\n<div align=\"justify\"><span style=\"font-family: Calibri,sans-serif;font-size: small\"><span style=\"font-family: Arial,sans-serif\">O Minist\u00e9rio do Planejamento informou que acaba de entrar no ar, no endere\u00e7o\u00a0<\/span><a href=\"http:\/\/paineldoservidor.planejamento.gov.br\/\" target=\"_blank\"><span style=\"font-family: Arial,sans-serif\">http:\/\/paineldoservidor.planejamento.gov.br<\/span><\/a><span style=\"font-family: Arial,sans-serif\">, o Painel do Servido. Trata-se de uma nova ferramenta de comunica\u00e7\u00e3o que simplifica e d\u00e1 mais transpar\u00eancia \u00e0 apresenta\u00e7\u00e3o de dados sobre a for\u00e7a de trabalho do Executivo Federal. O painel apresenta uma s\u00e9rie hist\u00f3rica, desde 2010, com panorama geral sobre quantidade, \u00e1rea de atua\u00e7\u00e3o do \u00f3rg\u00e3o, localiza\u00e7\u00e3o geogr\u00e1fica do servidor, faixa et\u00e1ria, sexo e despesa destinada ao pagamento de servidores p\u00fablicos federais. O sistema, constru\u00eddo de forma amig\u00e1vel, est\u00e1 dispon\u00edvel para qualquer cidad\u00e3o.<\/span><\/span><\/div>\n<div align=\"justify\"><span style=\"font-family: Calibri,sans-serif;font-size: small\"><span style=\"font-family: Arial,sans-serif\">\u00a0<\/span><\/span><\/div>\n<div align=\"justify\"><span style=\"font-family: Calibri,sans-serif;font-size: small\"><span style=\"font-family: Arial,sans-serif\">\u201cA proposta foi criar um instrumento mais pr\u00f3ximo do vocabul\u00e1rio da sociedade, que cumprisse o princ\u00edpio da gest\u00e3o respons\u00e1vel e do exerc\u00edcio da cidadania\u201d, explicou o secret\u00e1rio de Gest\u00e3o P\u00fablica do Minist\u00e9rio do Planejamento, Or\u00e7amento e Gest\u00e3o (MP), Genildo Lins. Os dados dispon\u00edveis s\u00e3o resultado de levantamento que mostrou quais tipos de informa\u00e7\u00e3o s\u00e3o mais solicitadas por \u00f3rg\u00e3os de governo, jornalistas e cidad\u00e3os.<\/span><\/span><\/div>\n<div align=\"justify\"><span style=\"font-family: Calibri,sans-serif;font-size: small\"><span style=\"font-family: Arial,sans-serif\">\u00a0<\/span><\/span><\/div>\n<div align=\"justify\"><span style=\"font-family: Calibri,sans-serif;font-size: small\"><span style=\"font-family: Arial,sans-serif\">As informa\u00e7\u00f5es s\u00e3o divididas em cinco grandes blocos, sendo uma de consolidado geral, com v\u00e1rios recortes: m\u00eas e ano, regime jur\u00eddico, \u00e1rea de atua\u00e7\u00e3o do \u00f3rg\u00e3o ou \u00f3rg\u00e3o superior. Al\u00e9m da possibilidade de navegar a partir da escolha de par\u00e2metros e filtros escolhidos, qualquer gr\u00e1fico pode ser exportado para planilha eletr\u00f4nica (excel).<\/span><\/span><\/div>\n<div align=\"justify\"><span style=\"font-family: Calibri,sans-serif;font-size: small\"><span style=\"font-family: Arial,sans-serif\">\u00a0<\/span><\/span><\/div>\n<div align=\"justify\"><span style=\"font-family: Calibri,sans-serif;font-size: small\"><span style=\"font-family: Arial,sans-serif\"><strong>Perfil<\/strong><\/span><\/span><\/div>\n<div align=\"justify\"><span style=\"font-family: Calibri,sans-serif;font-size: small\"><span style=\"font-family: Arial,sans-serif\">\u00a0<\/span><\/span><\/div>\n<div align=\"justify\"><span style=\"font-family: Calibri,sans-serif;font-size: small\"><span style=\"font-family: Arial,sans-serif\">O Brasil tem 767 mil servidores p\u00fablicos federais em exerc\u00edcio no Executivo (dados de setembro de 2015). Homens ainda s\u00e3o maioria no servi\u00e7o p\u00fablico (55%), mas o ingresso de mulheres vem crescendo ao longo dos \u00faltimos anos. A maioria dos homens est\u00e1 na faixa et\u00e1ria de 50 a 60 anos de idade (118 mil). Entre as mulheres, a faixa et\u00e1ria predominante \u00e9 mais jovem: 31 a 35 anos (50 mil), seguida das que t\u00eam entre 51 e 55 anos (49 mil). A despesa m\u00e9dia mensal para o pagamento dos servidores ativos \u00e9 de aproximadamente R$ 6,2 bilh\u00f5es.<\/span><\/span><\/div>\n<div align=\"justify\"><span style=\"font-family: Calibri,sans-serif;font-size: small\"><span style=\"font-family: Arial,sans-serif\">\u00a0<\/span><\/span><\/div>\n<div align=\"justify\"><span style=\"font-family: Calibri,sans-serif;font-size: small\"><span style=\"font-family: Arial,sans-serif\">A maior parte dos servidores s\u00e3o estatut\u00e1rios (75%). Uma parcela menor \u00e9 composta por celetistas (10%), militares (3%) e outros (12%). Em rela\u00e7\u00e3o \u00e0 distribui\u00e7\u00e3o geogr\u00e1fica, a regi\u00e3o que concentra o maior n\u00famero de servidores ativos \u00e9 a Sudeste, com um ter\u00e7o do total de profissionais em exerc\u00edcio (255 mil). Observando-se esse dado por Unidade da Federa\u00e7\u00e3o, o Distrito Federal \u00e9 o lugar com mais servidores trabalhando (129 mil), seguido do Rio de Janeiro (123 mil) e Minas Gerais (65 mil).<\/span><\/span><\/div>\n","protected":false},"excerpt":{"rendered":"<p>De acordo com o Minist\u00e9rio do Planejamento, a sele\u00e7\u00e3o dos dados foi feita a partir de informa\u00e7\u00f5es mais solicitadas por \u00f3rg\u00e3os de governo, jornalistas e cidad\u00e3os \u00a0 O Minist\u00e9rio do Planejamento informou que acaba de entrar no ar, no endere\u00e7o\u00a0http:\/\/paineldoservidor.planejamento.gov.br, o Painel do Servido. Trata-se de uma nova ferramenta de comunica\u00e7\u00e3o que simplifica e d\u00e1 mais transpar\u00eancia \u00e0 apresenta\u00e7\u00e3o de [&hellip;]<\/p>\n","protected":false},"author":27,"featured_media":0,"comment_status":"open","ping_status":"closed","sticky":false,"template":"","format":"standard","meta":{"footnotes":""},"categories":[1],"tags":[59,277,141,275,278,24,58,276],"class_list":["post-703","post","type-post","status-publish","format-standard","hentry","category-sem-categoria","tag-federais","tag-infograficos","tag-ministerio-do-planejamento","tag-painel","tag-perfil","tag-publicos","tag-servidores","tag-virtual"],"_links":{"self":[{"href":"https:\/\/blogs.correiobraziliense.com.br\/servidor\/wp-json\/wp\/v2\/posts\/703","targetHints":{"allow":["GET"]}}],"collection":[{"href":"https:\/\/blogs.correiobraziliense.com.br\/servidor\/wp-json\/wp\/v2\/posts"}],"about":[{"href":"https:\/\/blogs.correiobraziliense.com.br\/servidor\/wp-json\/wp\/v2\/types\/post"}],"author":[{"embeddable":true,"href":"https:\/\/blogs.correiobraziliense.com.br\/servidor\/wp-json\/wp\/v2\/users\/27"}],"replies":[{"embeddable":true,"href":"https:\/\/blogs.correiobraziliense.com.br\/servidor\/wp-json\/wp\/v2\/comments?post=703"}],"version-history":[{"count":1,"href":"https:\/\/blogs.correiobraziliense.com.br\/servidor\/wp-json\/wp\/v2\/posts\/703\/revisions"}],"predecessor-version":[{"id":704,"href":"https:\/\/blogs.correiobraziliense.com.br\/servidor\/wp-json\/wp\/v2\/posts\/703\/revisions\/704"}],"wp:attachment":[{"href":"https:\/\/blogs.correiobraziliense.com.br\/servidor\/wp-json\/wp\/v2\/media?parent=703"}],"wp:term":[{"taxonomy":"category","embeddable":true,"href":"https:\/\/blogs.correiobraziliense.com.br\/servidor\/wp-json\/wp\/v2\/categories?post=703"},{"taxonomy":"post_tag","embeddable":true,"href":"https:\/\/blogs.correiobraziliense.com.br\/servidor\/wp-json\/wp\/v2\/tags?post=703"}],"curies":[{"name":"wp","href":"https:\/\/api.w.org\/{rel}","templated":true}]}}