{"id":7019,"date":"2017-10-17T16:29:40","date_gmt":"2017-10-17T18:29:40","guid":{"rendered":"https:\/\/blogs.correiobraziliense.com.br\/servidor\/?p=7019"},"modified":"2017-10-17T16:57:32","modified_gmt":"2017-10-17T18:57:32","slug":"stj-suspende-laudo-medico-que-afastou-deficiente-de-concurso-publico","status":"publish","type":"post","link":"https:\/\/blogs.correiobraziliense.com.br\/servidor\/stj-suspende-laudo-medico-que-afastou-deficiente-de-concurso-publico\/","title":{"rendered":"A compatibilidade entre a defici\u00eancia do candidato e as fun\u00e7\u00f5es do cargo ser\u00e1 avaliada apenas durante o est\u00e1gio probat\u00f3rio"},"content":{"rendered":"<p><em>Recente ac\u00f3rd\u00e3o do Superior Tribunal de Justi\u00e7a (STJ) estabeleceu que a exig\u00eancia de compatibilidade entre a defici\u00eancia e as atribui\u00e7\u00f5es do cargo pretendido serve apenas como requisito de investidura e n\u00e3o como pressuposto para caracteriza\u00e7\u00e3o da defici\u00eancia<\/em><\/p>\n<p>O casose refere a mandado de seguran\u00e7a de candidato exclu\u00eddo da lista de aprovados portadores de defici\u00eancia por for\u00e7a de laudo m\u00e9dico que registrou que ele n\u00e3o se enquadra como deficiente f\u00edsico nos termos do Decreto 3.298\/99, j\u00e1 que a sequela n\u00e3o dificulta o desempenho de suas fun\u00e7\u00f5es.<\/p>\n<p>O STJ afastou o entendimento do laudo, esclarecendo que o Tribunal de origem, que negara inicialmente os pedidos do autor, cometeu equ\u00edvoco ao estabelecer condi\u00e7\u00e3o n\u00e3o prevista na legisla\u00e7\u00e3o para dar cumprimento \u00e0 a\u00e7\u00e3o afirmativa, qual seja, de que a defici\u00eancia dificulte o exerc\u00edcio das atribui\u00e7\u00f5es do cargo espec\u00edfico.<\/p>\n<p>\u201cN\u00e3o obstante as conclus\u00f5es de equipes multiprofissionais de concursos diversos n\u00e3o vinculem a Administra\u00e7\u00e3o, n\u00e3o se mostra razo\u00e1vel que o candidato seja considerado deficiente f\u00edsico em v\u00e1rios concursos no pa\u00eds (ocupando, inclusive, cargo em tribunal, para o qual concorreu na condi\u00e7\u00e3o de deficiente f\u00edsico) e n\u00e3o seja assim tido em um \u00fanico certame\u201d, afirmou o relator do caso no STJ, ministro Gurgel de Faria.<\/p>\n<p>Para o advogado Rudi Meira Cassel, s\u00f3cio do escrit\u00f3rio patrono da causa (Cassel Ruzzarin Santos Rodrigues Advogados), \u201ca desqualifica\u00e7\u00e3o do impetrante como deficiente pela equipe multiprofissional constitui viola\u00e7\u00e3o direta ao Decreto 3.298\/99, pois se encontra contr\u00e1ria \u00e0 lei e \u00e0 jurisprud\u00eancia pac\u00edfica dos tribunais\u201d.<\/p>\n<p><em>Recurso em Mandado de Seguran\u00e7a n\u00b0 45.477 &#8211; Primeira Turma do Superior Tribunal de Justi\u00e7a<\/em><\/p>\n","protected":false},"excerpt":{"rendered":"<p>Recente ac\u00f3rd\u00e3o do Superior Tribunal de Justi\u00e7a (STJ) estabeleceu que a exig\u00eancia de compatibilidade entre a defici\u00eancia e as atribui\u00e7\u00f5es do cargo pretendido serve apenas como requisito de investidura e n\u00e3o como pressuposto para caracteriza\u00e7\u00e3o da defici\u00eancia O casose refere a mandado de seguran\u00e7a de candidato exclu\u00eddo da lista de aprovados portadores de defici\u00eancia por for\u00e7a de laudo m\u00e9dico que [&hellip;]<\/p>\n","protected":false},"author":27,"featured_media":0,"comment_status":"open","ping_status":"closed","sticky":false,"template":"","format":"standard","meta":{"footnotes":""},"categories":[2719],"tags":[234,2695,9298,93,3074,7310,2303,7435,1159,6001,1065,9300,5624,986,3033,7477,9219,241,9299,208,1040,698],"class_list":["post-7019","post","type-post","status-publish","format-standard","hentry","category-servidor","tag-aprovados","tag-candidato","tag-compatibilidade","tag-concurso","tag-deficiencia","tag-deficiente","tag-desempenho","tag-dificuldades","tag-estagio","tag-exigencia","tag-funcoes","tag-investidura","tag-laudo","tag-lista","tag-mandado","tag-medico","tag-probatorio","tag-publico","tag-requisito","tag-seguranca","tag-stj","tag-suspende"],"_links":{"self":[{"href":"https:\/\/blogs.correiobraziliense.com.br\/servidor\/wp-json\/wp\/v2\/posts\/7019","targetHints":{"allow":["GET"]}}],"collection":[{"href":"https:\/\/blogs.correiobraziliense.com.br\/servidor\/wp-json\/wp\/v2\/posts"}],"about":[{"href":"https:\/\/blogs.correiobraziliense.com.br\/servidor\/wp-json\/wp\/v2\/types\/post"}],"author":[{"embeddable":true,"href":"https:\/\/blogs.correiobraziliense.com.br\/servidor\/wp-json\/wp\/v2\/users\/27"}],"replies":[{"embeddable":true,"href":"https:\/\/blogs.correiobraziliense.com.br\/servidor\/wp-json\/wp\/v2\/comments?post=7019"}],"version-history":[{"count":3,"href":"https:\/\/blogs.correiobraziliense.com.br\/servidor\/wp-json\/wp\/v2\/posts\/7019\/revisions"}],"predecessor-version":[{"id":7023,"href":"https:\/\/blogs.correiobraziliense.com.br\/servidor\/wp-json\/wp\/v2\/posts\/7019\/revisions\/7023"}],"wp:attachment":[{"href":"https:\/\/blogs.correiobraziliense.com.br\/servidor\/wp-json\/wp\/v2\/media?parent=7019"}],"wp:term":[{"taxonomy":"category","embeddable":true,"href":"https:\/\/blogs.correiobraziliense.com.br\/servidor\/wp-json\/wp\/v2\/categories?post=7019"},{"taxonomy":"post_tag","embeddable":true,"href":"https:\/\/blogs.correiobraziliense.com.br\/servidor\/wp-json\/wp\/v2\/tags?post=7019"}],"curies":[{"name":"wp","href":"https:\/\/api.w.org\/{rel}","templated":true}]}}