{"id":7009,"date":"2017-10-16T15:53:32","date_gmt":"2017-10-16T17:53:32","guid":{"rendered":"https:\/\/blogs.correiobraziliense.com.br\/servidor\/?p=7009"},"modified":"2017-10-16T15:53:32","modified_gmt":"2017-10-16T17:53:32","slug":"defesa-vai-usar-delacao-de-funaro-para-pedir-anulacao-do-impeachment","status":"publish","type":"post","link":"https:\/\/blogs.correiobraziliense.com.br\/servidor\/defesa-vai-usar-delacao-de-funaro-para-pedir-anulacao-do-impeachment\/","title":{"rendered":"Defesa vai usar dela\u00e7\u00e3o de Funaro para pedir anula\u00e7\u00e3o do impeachment"},"content":{"rendered":"<p><em>Advogado da ex-presidente Dilma Rousseff destaca que, na dela\u00e7\u00e3o premiada, Funaro demonstrou que o ex-deputado Eduardo Cunha comprou votos de parlamentares em favor do impeachment e por isso pede a anula\u00e7\u00e3o da decis\u00e3o que cassou Dilma Rousseff.<\/em><\/p>\n<p>Veja a nota:<\/p>\n<p>&#8220;1. Desde o in\u00edcio do processo de impeachment, a defesa da presidenta eleita Dilma Rousseff tem sustentado que o processo de impeachment que a afastou da Presid\u00eancia da Rep\u00fablica\u00a0 \u00e9 nulo, em raz\u00e3o de decis\u00f5es ilegais e imorais tomadas pelo ex-presidente da C\u00e2mara Eduardo Cunha e por todos os parlamentares que queriam evitar &#8220;a sangria da classe pol\u00edtica brasileira&#8221;.<\/p>\n<p>2. Agora, na dela\u00e7\u00e3o premiada do senhor L\u00facio Funaro, ficou demonstrado que o ex-deputado Eduardo Cunha comprou votos de parlamentares em favor do impeachment.<\/p>\n<p>3 &#8211; A defesa de Dilma Rousseff ir\u00e1 requerer, nesta ter\u00e7a-feira, 17 de outubro, a juntada dessa prova nos autos do mandado de seguran\u00e7a, ainda n\u00e3o julgado pelo STF, em que se pede a anula\u00e7\u00e3o da decis\u00e3o que cassou o mandato de uma presidenta legitimamente eleita.<\/p>\n<p>4. Entendemos que na defesa da Constitui\u00e7\u00e3o e do Estado Democr\u00e1tico de direito, o Poder Judici\u00e1rio n\u00e3o poder\u00e1 deixar de se pronunciar a respeito, determinando a anula\u00e7\u00e3o do impeachment de Dilma Rousseff, por not\u00f3rio desvio de poder e pela aus\u00eancia de qualquer prova de que tenha praticado crimes de responsabilidade.<\/p>\n<p>Jos\u00e9 Eduardo Cardozo<br \/>\nAdvogado da Presidenta Eleita Dilma Rousseff&#8221;<\/p>\n","protected":false},"excerpt":{"rendered":"<p>Advogado da ex-presidente Dilma Rousseff destaca que, na dela\u00e7\u00e3o premiada, Funaro demonstrou que o ex-deputado Eduardo Cunha comprou votos de parlamentares em favor do impeachment e por isso pede a anula\u00e7\u00e3o da decis\u00e3o que cassou Dilma Rousseff. Veja a nota: &#8220;1. Desde o in\u00edcio do processo de impeachment, a defesa da presidenta eleita Dilma Rousseff tem sustentado que o processo [&hellip;]<\/p>\n","protected":false},"author":27,"featured_media":0,"comment_status":"open","ping_status":"closed","sticky":false,"template":"","format":"standard","meta":{"footnotes":""},"categories":[2719],"tags":[9264,3607,9263,1864,1201,5109,1570,1932,6869,8525,6720,1884,8586,3033,268,3071,208,3423,5829],"class_list":["post-7009","post","type-post","status-publish","format-standard","hentry","category-servidor","tag-afastou","tag-anulacao","tag-cassou","tag-decisoes","tag-defesa","tag-delacao","tag-dilma-rousseff","tag-eduardo-cunha","tag-eleita","tag-ilegais","tag-imorais","tag-impeachment","tag-lucio-funaro","tag-mandado","tag-parlamentares","tag-prova","tag-seguranca","tag-usar","tag-votos"],"_links":{"self":[{"href":"https:\/\/blogs.correiobraziliense.com.br\/servidor\/wp-json\/wp\/v2\/posts\/7009","targetHints":{"allow":["GET"]}}],"collection":[{"href":"https:\/\/blogs.correiobraziliense.com.br\/servidor\/wp-json\/wp\/v2\/posts"}],"about":[{"href":"https:\/\/blogs.correiobraziliense.com.br\/servidor\/wp-json\/wp\/v2\/types\/post"}],"author":[{"embeddable":true,"href":"https:\/\/blogs.correiobraziliense.com.br\/servidor\/wp-json\/wp\/v2\/users\/27"}],"replies":[{"embeddable":true,"href":"https:\/\/blogs.correiobraziliense.com.br\/servidor\/wp-json\/wp\/v2\/comments?post=7009"}],"version-history":[{"count":1,"href":"https:\/\/blogs.correiobraziliense.com.br\/servidor\/wp-json\/wp\/v2\/posts\/7009\/revisions"}],"predecessor-version":[{"id":7010,"href":"https:\/\/blogs.correiobraziliense.com.br\/servidor\/wp-json\/wp\/v2\/posts\/7009\/revisions\/7010"}],"wp:attachment":[{"href":"https:\/\/blogs.correiobraziliense.com.br\/servidor\/wp-json\/wp\/v2\/media?parent=7009"}],"wp:term":[{"taxonomy":"category","embeddable":true,"href":"https:\/\/blogs.correiobraziliense.com.br\/servidor\/wp-json\/wp\/v2\/categories?post=7009"},{"taxonomy":"post_tag","embeddable":true,"href":"https:\/\/blogs.correiobraziliense.com.br\/servidor\/wp-json\/wp\/v2\/tags?post=7009"}],"curies":[{"name":"wp","href":"https:\/\/api.w.org\/{rel}","templated":true}]}}