{"id":6997,"date":"2017-10-11T21:40:52","date_gmt":"2017-10-12T00:40:52","guid":{"rendered":"https:\/\/blogs.correiobraziliense.com.br\/servidor\/?p=6997"},"modified":"2017-10-11T21:40:52","modified_gmt":"2017-10-12T00:40:52","slug":"falta-de-orcamento-nao-justifica-atraso-em-pagamento-de-passivo-trabalhista-servidor","status":"publish","type":"post","link":"https:\/\/blogs.correiobraziliense.com.br\/servidor\/falta-de-orcamento-nao-justifica-atraso-em-pagamento-de-passivo-trabalhista-servidor\/","title":{"rendered":"Falta de or\u00e7amento n\u00e3o justifica atraso em pagamento de passivo trabalhista a servidor"},"content":{"rendered":"<p><em>O 10\u00ba Juizado Especial Federal do Rio de Janeiro mandou a Uni\u00e3o pagar de imediato valores reconhecidos administrativamente para um servidor p\u00fablico federal, do quadro de pessoal da Se\u00e7\u00e3o Judici\u00e1ria do Rio de Janeiro.O servidor pediu o pagamento de passivos trabalhistas admitidos pela pr\u00f3pria administra\u00e7\u00e3o. Por\u00e9m, a Uni\u00e3o condicionou o pagamento \u00e0 disponibilidade or\u00e7ament\u00e1ria.<\/em><\/p>\n<p>A Justi\u00e7a rejeitou as alega\u00e7\u00f5es da Uni\u00e3o. O Tribunal Regional Federal da 2\u00aa Regi\u00e3o entendeu que a aus\u00eancia de or\u00e7amento n\u00e3o justifica a demora, por tempo indefinido, no pagamento de valores reconhecidos pela pr\u00f3pria administra\u00e7\u00e3o.<\/p>\n<p>Segundo o advogado Rudi Meira Cassel, s\u00f3cio do Cassel Ruzzarin Santos Rodrigues Advogados, que representou o servidor, \u201cos valores n\u00e3o podem ser reduzidos ou suprimidos pela aus\u00eancia de pagamento, pois isso afronta diretamente o direito adquirido\u201d.<\/p>\n<p>O juiz federal Marcel da Silva Augusto Corr\u00eaa decidiu que a \u201calega\u00e7\u00e3o de que o pagamento da d\u00edvida necessitaria de pr\u00e9via previs\u00e3o or\u00e7ament\u00e1ria n\u00e3o merece acolhida, j\u00e1 que o demandante est\u00e1 privado de verbas aliment\u00edcias devidas h\u00e1 mais de dois anos, por causa da administra\u00e7\u00e3o\u201d. Segundo ele, houve \u201co transcurso de tempo mais do que razo\u00e1vel para que a administra\u00e7\u00e3o honrasse com sua obriga\u00e7\u00e3o\u201d.<\/p>\n<p><em>Processo n\u00b0 0146434-37.2017.4.02.5151<\/em><\/p>\n<p><em>Decis\u00e3o em arquivo anexo<\/em><\/p>\n","protected":false},"excerpt":{"rendered":"<p>O 10\u00ba Juizado Especial Federal do Rio de Janeiro mandou a Uni\u00e3o pagar de imediato valores reconhecidos administrativamente para um servidor p\u00fablico federal, do quadro de pessoal da Se\u00e7\u00e3o Judici\u00e1ria do Rio de Janeiro.O servidor pediu o pagamento de passivos trabalhistas admitidos pela pr\u00f3pria administra\u00e7\u00e3o. Por\u00e9m, a Uni\u00e3o condicionou o pagamento \u00e0 disponibilidade or\u00e7ament\u00e1ria. A Justi\u00e7a rejeitou as alega\u00e7\u00f5es da [&hellip;]<\/p>\n","protected":false},"author":27,"featured_media":0,"comment_status":"open","ping_status":"closed","sticky":false,"template":"","format":"standard","meta":{"footnotes":""},"categories":[2719],"tags":[5541,9256,3446,3572,4129,116,9255,64,1994,318,151,9254,754,8,2157,1808,2223],"class_list":["post-6997","post","type-post","status-publish","format-standard","hentry","category-servidor","tag-adquirido","tag-alimenticias","tag-atraso","tag-ausencia","tag-demora","tag-direito","tag-disponibilidade","tag-judiciario","tag-orcamentaria","tag-orcamento","tag-pagamento","tag-passivo","tag-rio-de-janeiro","tag-servidor","tag-trabalhista","tag-valores","tag-verbas"],"_links":{"self":[{"href":"https:\/\/blogs.correiobraziliense.com.br\/servidor\/wp-json\/wp\/v2\/posts\/6997","targetHints":{"allow":["GET"]}}],"collection":[{"href":"https:\/\/blogs.correiobraziliense.com.br\/servidor\/wp-json\/wp\/v2\/posts"}],"about":[{"href":"https:\/\/blogs.correiobraziliense.com.br\/servidor\/wp-json\/wp\/v2\/types\/post"}],"author":[{"embeddable":true,"href":"https:\/\/blogs.correiobraziliense.com.br\/servidor\/wp-json\/wp\/v2\/users\/27"}],"replies":[{"embeddable":true,"href":"https:\/\/blogs.correiobraziliense.com.br\/servidor\/wp-json\/wp\/v2\/comments?post=6997"}],"version-history":[{"count":1,"href":"https:\/\/blogs.correiobraziliense.com.br\/servidor\/wp-json\/wp\/v2\/posts\/6997\/revisions"}],"predecessor-version":[{"id":6998,"href":"https:\/\/blogs.correiobraziliense.com.br\/servidor\/wp-json\/wp\/v2\/posts\/6997\/revisions\/6998"}],"wp:attachment":[{"href":"https:\/\/blogs.correiobraziliense.com.br\/servidor\/wp-json\/wp\/v2\/media?parent=6997"}],"wp:term":[{"taxonomy":"category","embeddable":true,"href":"https:\/\/blogs.correiobraziliense.com.br\/servidor\/wp-json\/wp\/v2\/categories?post=6997"},{"taxonomy":"post_tag","embeddable":true,"href":"https:\/\/blogs.correiobraziliense.com.br\/servidor\/wp-json\/wp\/v2\/tags?post=6997"}],"curies":[{"name":"wp","href":"https:\/\/api.w.org\/{rel}","templated":true}]}}