{"id":6995,"date":"2017-10-11T17:49:25","date_gmt":"2017-10-11T20:49:25","guid":{"rendered":"https:\/\/blogs.correiobraziliense.com.br\/servidor\/?p=6995"},"modified":"2017-10-11T17:49:25","modified_gmt":"2017-10-11T20:49:25","slug":"tst-lanca-serie-de-videos-sobre-as-principais-mudancas-da-reforma-trabalhista","status":"publish","type":"post","link":"https:\/\/blogs.correiobraziliense.com.br\/servidor\/tst-lanca-serie-de-videos-sobre-as-principais-mudancas-da-reforma-trabalhista\/","title":{"rendered":"TST lan\u00e7a s\u00e9rie de v\u00eddeos sobre as principais  mudan\u00e7as da Reforma Trabalhista"},"content":{"rendered":"<p>A um m\u00eas da entrada em vigor da Lei n\u00ba 13.467\/2017, que trata da reforma trabalhista, o canal do TST no <em>Youtube <\/em>lan\u00e7ou uma s\u00e9rie de v\u00eddeos com as principais altera\u00e7\u00f5es na Consolida\u00e7\u00e3o das Leis do Trabalho (CLT). A lei, sancionada em julho, muda diversas regras sobre jornada de trabalho, f\u00e9rias, entre outros temas.<\/p>\n<p>A s\u00e9rie \u201cAntes e Depois da Reforma Trabalhista\u201d conta com 14 v\u00eddeos, cada um deles sobre um ponto espec\u00edfico da nova lei. A proposta \u00e9 mostrar de forma objetiva como o assunto era abordado anteriormente e como passar\u00e1 a ser tratado com a reforma. Uma maneira de empregado e empregador se informarem sobre as mudan\u00e7as nos direitos trabalhistas.<\/p>\n<p>A s\u00e9rie de v\u00eddeos foi produzida pela Coordenadoria de R\u00e1dio e TV do tribunal, sob a supervis\u00e3o da Secretaria de Comunica\u00e7\u00e3o Social, e j\u00e1 est\u00e1 dispon\u00edvel no canal do TST no <em>Youtube:<\/em> <a href=\"http:\/\/www.youtube.com\/tst\">www.youtube.com\/tst<\/a>.<\/p>\n<p><strong>Confira a s\u00e9rie no link:<\/strong><\/p>\n<p><a href=\"http:\/\/www.youtube.com\/playlist?list=PLSAyE9HVlBfIhEFeBCQaZebgRDxaCuvR2\">http:\/\/www.youtube.com\/playlist?list=PLSAyE9HVlBfIhEFeBCQaZebgRDxaCuvR2<\/a><\/p>\n","protected":false},"excerpt":{"rendered":"<p>A um m\u00eas da entrada em vigor da Lei n\u00ba 13.467\/2017, que trata da reforma trabalhista, o canal do TST no Youtube lan\u00e7ou uma s\u00e9rie de v\u00eddeos com as principais altera\u00e7\u00f5es na Consolida\u00e7\u00e3o das Leis do Trabalho (CLT). A lei, sancionada em julho, muda diversas regras sobre jornada de trabalho, f\u00e9rias, entre outros temas. A s\u00e9rie \u201cAntes e Depois da [&hellip;]<\/p>\n","protected":false},"author":27,"featured_media":0,"comment_status":"open","ping_status":"closed","sticky":false,"template":"","format":"standard","meta":{"footnotes":""},"categories":[2719],"tags":[1321,2272,576,1604,1623,9158,376,3279,9252,9253,4258,261,503,5581,912],"class_list":["post-6995","post","type-post","status-publish","format-standard","hentry","category-servidor","tag-alteracoes","tag-clt","tag-empregado","tag-empregador","tag-jornada","tag-lei-13-4672017","tag-mudancas","tag-ponto","tag-principais","tag-reforma-trabalhista","tag-temas","tag-trabalho","tag-tst","tag-videos","tag-youtube"],"_links":{"self":[{"href":"https:\/\/blogs.correiobraziliense.com.br\/servidor\/wp-json\/wp\/v2\/posts\/6995","targetHints":{"allow":["GET"]}}],"collection":[{"href":"https:\/\/blogs.correiobraziliense.com.br\/servidor\/wp-json\/wp\/v2\/posts"}],"about":[{"href":"https:\/\/blogs.correiobraziliense.com.br\/servidor\/wp-json\/wp\/v2\/types\/post"}],"author":[{"embeddable":true,"href":"https:\/\/blogs.correiobraziliense.com.br\/servidor\/wp-json\/wp\/v2\/users\/27"}],"replies":[{"embeddable":true,"href":"https:\/\/blogs.correiobraziliense.com.br\/servidor\/wp-json\/wp\/v2\/comments?post=6995"}],"version-history":[{"count":1,"href":"https:\/\/blogs.correiobraziliense.com.br\/servidor\/wp-json\/wp\/v2\/posts\/6995\/revisions"}],"predecessor-version":[{"id":6996,"href":"https:\/\/blogs.correiobraziliense.com.br\/servidor\/wp-json\/wp\/v2\/posts\/6995\/revisions\/6996"}],"wp:attachment":[{"href":"https:\/\/blogs.correiobraziliense.com.br\/servidor\/wp-json\/wp\/v2\/media?parent=6995"}],"wp:term":[{"taxonomy":"category","embeddable":true,"href":"https:\/\/blogs.correiobraziliense.com.br\/servidor\/wp-json\/wp\/v2\/categories?post=6995"},{"taxonomy":"post_tag","embeddable":true,"href":"https:\/\/blogs.correiobraziliense.com.br\/servidor\/wp-json\/wp\/v2\/tags?post=6995"}],"curies":[{"name":"wp","href":"https:\/\/api.w.org\/{rel}","templated":true}]}}