{"id":6991,"date":"2017-10-11T12:40:56","date_gmt":"2017-10-11T15:40:56","guid":{"rendered":"https:\/\/blogs.correiobraziliense.com.br\/servidor\/?p=6991"},"modified":"2017-10-11T12:40:56","modified_gmt":"2017-10-11T15:40:56","slug":"gdf-sem-restricao-concursos","status":"publish","type":"post","link":"https:\/\/blogs.correiobraziliense.com.br\/servidor\/gdf-sem-restricao-concursos\/","title":{"rendered":"GDF: Sem restri\u00e7\u00e3o a concursos"},"content":{"rendered":"<p><em>Fora do limite prudencial da LRF, governo local anunciou contrata\u00e7\u00e3o de 41 aprovados em sele\u00e7\u00e3o para a Secretaria de Cultura, realizada em 2014<\/em><\/p>\n<p><strong>LORENA PACHECO<\/strong><\/p>\n<p>Ap\u00f3s mais de dois anos de editais de concursos praticamente congelados e de nomea\u00e7\u00f5es autorizadas apenas para suprir vac\u00e2ncias na educa\u00e7\u00e3o, na sa\u00fade e na seguran\u00e7a p\u00fablica devido a problemas de caixa, o Governo do Distrito Federal (GDF) anunciou que saiu do limite prudencial da Lei de Responsabilidade Fiscal (LRF). Isso quer dizer que o Executivo deixa de ter impedimentos legais para gerir os recursos p\u00fablicos e poder\u00e1 mais sele\u00e7\u00f5es e contrata\u00e7\u00f5es de concursados.<\/p>\n<p>O in\u00edcio da semana, com essa not\u00edcia, come\u00e7ou bem para os concurseiros. J\u00e1 na segunda-feira, o GDF anunciou que vai nomear 41 candidatos aprovados para a Secretaria de Cultura (Secult). O certame, com 20 vagas imediatas e 60 para cadastro reserva, aconteceu em 2014 e nenhum aprovado havia sido chamado nestes tr\u00eas anos, devido \u00e0s dificuldades financeiras do governo, registradas desde o in\u00edcio da gest\u00e3o Rollemberg. As nomea\u00e7\u00f5es para a Secult devem ser publicadas no Di\u00e1rio Oficial do DF at\u00e9 o fim deste m\u00eas.<\/p>\n<p><strong>Controle continua<\/strong><\/p>\n<p>Apesar de ter sa\u00eddo do limite prudencial da LRF, ou seja, de n\u00e3o ter ultrapassado o teto de 46,55% da receita com despesas de pessoal, o governo afirmou que vai manter uma pol\u00edtica de ajuste fiscal \u2014 no \u00faltimo balan\u00e7o divulgado, 44,81% da receita corrente l\u00edquida foi usado para pagar sal\u00e1rios. Como medidas para evitar descontrole, o governo decidiu congelar 771 cargos em comiss\u00e3o; vedar, at\u00e9 31 de dezembro, cl\u00e1usulas de acordos coletivos das empresas que prevejam reajustes salariais; e criar regras para nomea\u00e7\u00e3o de servidores efetivos.<\/p>\n<p>\u201cTemos que ter muita responsabilidade para n\u00e3o ceder a press\u00f5es, at\u00e9 porque n\u00f3s poder\u00edamos sair (do limite prudencial) para depois voltar imediatamente. Isso n\u00e3o adianta\u201d, advertiu o chefe da Casa Civil, S\u00e9rgio Sampaio. Para efetivar novas nomea\u00e7\u00f5es, a chamada dos aprovados nos concursos ser\u00e1 ranqueada por ordem de import\u00e2ncia e submetida ao Comit\u00ea de Pol\u00edticas de Pessoal da Governan\u00e7a. As convoca\u00e7\u00f5es ficar\u00e3o restritas a 40% da diferen\u00e7a entre o percentual do quadrimestre e o limite prudencial da LRF (cerca de R$ 150 milh\u00f5es). |<\/p>\n<p>Mesmo antes da not\u00edcia de que o GDF estava fora do teto da LRF, a Companhia Urbanizadora da Nova Capital do Brasil (Novacap) anunciou vai lan\u00e7ar edital. A empresa j\u00e1 abriu processo de licita\u00e7\u00e3o para receber propostas e contratar a banca organizadora. Ser\u00e3o abertas 96 vagas de n\u00edvel m\u00e9dio e superior.<\/p>\n","protected":false},"excerpt":{"rendered":"<p>Fora do limite prudencial da LRF, governo local anunciou contrata\u00e7\u00e3o de 41 aprovados em sele\u00e7\u00e3o para a Secretaria de Cultura, realizada em 2014 LORENA PACHECO Ap\u00f3s mais de dois anos de editais de concursos praticamente congelados e de nomea\u00e7\u00f5es autorizadas apenas para suprir vac\u00e2ncias na educa\u00e7\u00e3o, na sa\u00fade e na seguran\u00e7a p\u00fablica devido a problemas de caixa, o Governo do [&hellip;]<\/p>\n","protected":false},"author":27,"featured_media":0,"comment_status":"open","ping_status":"closed","sticky":false,"template":"","format":"standard","meta":{"footnotes":""},"categories":[2719],"tags":[78,234,86,1149,1147,6672,23,4927,172,199,9237,235,9236,48,9,2692,98,9019,1081,1334,1561,122,1153,9232,316,702,2885,30,616,9233,9235,208,3645,2857,9234],"class_list":["post-6991","post","type-post","status-publish","format-standard","hentry","category-servidor","tag-ajuste","tag-aprovados","tag-cadastro","tag-caixa","tag-concursados","tag-concurseiros","tag-concursos","tag-congelados","tag-contratacao","tag-contratacoes","tag-descontrole","tag-despesas","tag-diario-oficial","tag-educacao","tag-executivo","tag-gdf","tag-governo","tag-impedimentos","tag-legais","tag-limite","tag-lrf","tag-nomeacoes","tag-pessoal","tag-prudencial","tag-recursos","tag-reserva","tag-restricao","tag-salarios","tag-saude","tag-secretaria-de-cultura","tag-secult","tag-seguranca","tag-selecao","tag-selecoes","tag-vacancias"],"_links":{"self":[{"href":"https:\/\/blogs.correiobraziliense.com.br\/servidor\/wp-json\/wp\/v2\/posts\/6991","targetHints":{"allow":["GET"]}}],"collection":[{"href":"https:\/\/blogs.correiobraziliense.com.br\/servidor\/wp-json\/wp\/v2\/posts"}],"about":[{"href":"https:\/\/blogs.correiobraziliense.com.br\/servidor\/wp-json\/wp\/v2\/types\/post"}],"author":[{"embeddable":true,"href":"https:\/\/blogs.correiobraziliense.com.br\/servidor\/wp-json\/wp\/v2\/users\/27"}],"replies":[{"embeddable":true,"href":"https:\/\/blogs.correiobraziliense.com.br\/servidor\/wp-json\/wp\/v2\/comments?post=6991"}],"version-history":[{"count":1,"href":"https:\/\/blogs.correiobraziliense.com.br\/servidor\/wp-json\/wp\/v2\/posts\/6991\/revisions"}],"predecessor-version":[{"id":6992,"href":"https:\/\/blogs.correiobraziliense.com.br\/servidor\/wp-json\/wp\/v2\/posts\/6991\/revisions\/6992"}],"wp:attachment":[{"href":"https:\/\/blogs.correiobraziliense.com.br\/servidor\/wp-json\/wp\/v2\/media?parent=6991"}],"wp:term":[{"taxonomy":"category","embeddable":true,"href":"https:\/\/blogs.correiobraziliense.com.br\/servidor\/wp-json\/wp\/v2\/categories?post=6991"},{"taxonomy":"post_tag","embeddable":true,"href":"https:\/\/blogs.correiobraziliense.com.br\/servidor\/wp-json\/wp\/v2\/tags?post=6991"}],"curies":[{"name":"wp","href":"https:\/\/api.w.org\/{rel}","templated":true}]}}