{"id":699,"date":"2015-12-15T17:51:40","date_gmt":"2015-12-15T19:51:40","guid":{"rendered":"https:\/\/blogs.correiobraziliense.com.br\/servidor\/?p=699"},"modified":"2015-12-15T17:51:40","modified_gmt":"2015-12-15T19:51:40","slug":"seminario-discute-pleitos-da-advocacia-publica","status":"publish","type":"post","link":"https:\/\/blogs.correiobraziliense.com.br\/servidor\/seminario-discute-pleitos-da-advocacia-publica\/","title":{"rendered":"SEMIN\u00c1RIO DISCUTE PLEITOS DA ADVOCACIA P\u00daBLICA"},"content":{"rendered":"<p><em>Os advogados p\u00fablicos federais estar\u00e3o reunidos em semin\u00e1rio nacional, em\u00a0Bras\u00edlia, com parlamentares e membros da AGU.<\/em><\/p>\n<p>O Senado Federal sediar\u00e1, amanh\u00e3,\u00a0o Semin\u00e1rio Nacional da Advocacia P\u00fablica Federal. Participar\u00e3o senadores e deputados de diversos partidos pol\u00edticos, autoridades e advogados p\u00fablicos federais de todo o pa\u00eds.<\/p>\n<p>No evento que come\u00e7a a partir das 10h, no audit\u00f3rio Petr\u00f4nio Portela, do Senado Federal, ser\u00e3o apresentados o panorama atual da Advocacia P\u00fablica Federal, os pleitos da carreira, as propostas em tramita\u00e7\u00e3o no Congresso Nacional e ser\u00e1 lan\u00e7ada, ainda, a Frente Parlamentar Mista em Defesa da Advocacia-Geral da Uni\u00e3o na Casa.<\/p>\n<p>Os advogados p\u00fablicos federais atuam com excel\u00eancia e capacidade t\u00e9cnica jur\u00eddica para atender o Estado brasileiro e os interesses da popula\u00e7\u00e3o em temas que v\u00e3o desde a recupera\u00e7\u00e3o de verbas desviadas at\u00e9 a garantia de realiza\u00e7\u00e3o de obras e servi\u00e7os p\u00fablicos.<\/p>\n<p>O diretor-geral da Uni\u00e3o dos Advogados P\u00fablicos Federais (Unafe), Roberto Mota, destaca que com a mobiliza\u00e7\u00e3o intensa e permanente dos membros da Advocacia P\u00fablica Federal, fun\u00e7\u00e3o essencial \u00e0 justi\u00e7a, a institui\u00e7\u00e3o tem avan\u00e7ado bastante, mas ainda enfrenta grandes desafios, em v\u00e1rias dimens\u00f5es.<\/p>\n<p>\u201cPara discutir tamb\u00e9m o futuro da fun\u00e7\u00e3o p\u00fablica e demonstrar a sociedade o importante papel desempenhado pelos advogados p\u00fablicos federais e a necessidade urgente de valoriza\u00e7\u00e3o e estrutura\u00e7\u00e3o, estaremos reunidos no Semin\u00e1rio Nacional\u201d, afirma.<\/p>\n<p>A Unafe estima que, ao todo, mais de 300 advogados p\u00fablicos federais devem comparecer ao evento, al\u00e9m do presidente da Frente Parlamentar em Defesa da AGU, Deputado Rog\u00e9rio Rosso (PSD\/DF), do senador H\u00e9lio Jos\u00e9 (PSD-DF) e de diversos parlamentares que apoiam as causas referentes \u00e0s carreiras que comp\u00f5em a AGU j\u00e1 confirmaram presen\u00e7a no evento.<\/p>\n","protected":false},"excerpt":{"rendered":"<p>Os advogados p\u00fablicos federais estar\u00e3o reunidos em semin\u00e1rio nacional, em\u00a0Bras\u00edlia, com parlamentares e membros da AGU. O Senado Federal sediar\u00e1, amanh\u00e3,\u00a0o Semin\u00e1rio Nacional da Advocacia P\u00fablica Federal. Participar\u00e3o senadores e deputados de diversos partidos pol\u00edticos, autoridades e advogados p\u00fablicos federais de todo o pa\u00eds. No evento que come\u00e7a a partir das 10h, no audit\u00f3rio Petr\u00f4nio Portela, do Senado Federal, ser\u00e3o [&hellip;]<\/p>\n","protected":false},"author":27,"featured_media":0,"comment_status":"open","ping_status":"closed","sticky":false,"template":"","format":"standard","meta":{"footnotes":""},"categories":[1],"tags":[265,157,59,156,70,268,24,266,267],"class_list":["post-699","post","type-post","status-publish","format-standard","hentry","category-sem-categoria","tag-advogados","tag-agu","tag-federais","tag-membros","tag-nacional","tag-parlamentares","tag-publicos","tag-reunidos","tag-seminario"],"_links":{"self":[{"href":"https:\/\/blogs.correiobraziliense.com.br\/servidor\/wp-json\/wp\/v2\/posts\/699","targetHints":{"allow":["GET"]}}],"collection":[{"href":"https:\/\/blogs.correiobraziliense.com.br\/servidor\/wp-json\/wp\/v2\/posts"}],"about":[{"href":"https:\/\/blogs.correiobraziliense.com.br\/servidor\/wp-json\/wp\/v2\/types\/post"}],"author":[{"embeddable":true,"href":"https:\/\/blogs.correiobraziliense.com.br\/servidor\/wp-json\/wp\/v2\/users\/27"}],"replies":[{"embeddable":true,"href":"https:\/\/blogs.correiobraziliense.com.br\/servidor\/wp-json\/wp\/v2\/comments?post=699"}],"version-history":[{"count":1,"href":"https:\/\/blogs.correiobraziliense.com.br\/servidor\/wp-json\/wp\/v2\/posts\/699\/revisions"}],"predecessor-version":[{"id":700,"href":"https:\/\/blogs.correiobraziliense.com.br\/servidor\/wp-json\/wp\/v2\/posts\/699\/revisions\/700"}],"wp:attachment":[{"href":"https:\/\/blogs.correiobraziliense.com.br\/servidor\/wp-json\/wp\/v2\/media?parent=699"}],"wp:term":[{"taxonomy":"category","embeddable":true,"href":"https:\/\/blogs.correiobraziliense.com.br\/servidor\/wp-json\/wp\/v2\/categories?post=699"},{"taxonomy":"post_tag","embeddable":true,"href":"https:\/\/blogs.correiobraziliense.com.br\/servidor\/wp-json\/wp\/v2\/tags?post=699"}],"curies":[{"name":"wp","href":"https:\/\/api.w.org\/{rel}","templated":true}]}}