{"id":6983,"date":"2017-10-10T17:58:22","date_gmt":"2017-10-10T20:58:22","guid":{"rendered":"https:\/\/blogs.correiobraziliense.com.br\/servidor\/?p=6983"},"modified":"2017-10-10T17:58:22","modified_gmt":"2017-10-10T20:58:22","slug":"mp-do-refis-desrespeita-constituicao-afirma-associacao-de-advogados-publicos-federais","status":"publish","type":"post","link":"https:\/\/blogs.correiobraziliense.com.br\/servidor\/mp-do-refis-desrespeita-constituicao-afirma-associacao-de-advogados-publicos-federais\/","title":{"rendered":"MP do Refis desrespeita a Constitui\u00e7\u00e3o, afirma Associa\u00e7\u00e3o de Advogados P\u00fablicos Federais"},"content":{"rendered":"<p><em>Membros da AGU criticam MP do Refis aprovada pelo Plen\u00e1rio do Senado Federal, que foi \u00e0 san\u00e7\u00e3o presidencial. Presidente da Anafe classifica a proposta como &#8220;medida pr\u00f3-sonega\u00e7\u00e3o&#8221;. Em edi\u00e7\u00f5es anteriores, a exclus\u00e3o por inadimpl\u00eancia ficou em torno de 78% e os maiores benefici\u00e1rios foram grandes devedores com capacidade de pagamento, que n\u00e3o deveriam ser o alvo do programa<br \/>\n<\/em><\/p>\n<p>A Medida Provis\u00f3ria (MP) 783, que cria o Programa Especial de Regulariza\u00e7\u00e3o Tribut\u00e1ria, o Novo Refis, beneficia apenas as grandes empresas &#8211; algumas, inclusive, citadas na Opera\u00e7\u00e3o Lava-Jato -, na avalia\u00e7\u00e3o da Associa\u00e7\u00e3o Nacional dos Advogados P\u00fablicos Federais (Anafe), maior entidade representativa das carreiras que comp\u00f5em a AGU.<\/p>\n<p>De acordo com o presidente da Anafe, Marcelino Rodrigues, a proposta se torna uma \u2018medida pr\u00f3-sonega\u00e7\u00e3o\u2019. Ele destaca, entre os v\u00e1rios prontos negativos, a &#8220;inefetividade hist\u00f3rica de parcelamentos&#8221;, na medida em que o \u00edndice de contas liquidadas pelos \u00e9 baixo e reincid\u00eancia de inadimpl\u00eancia \u00e9 alta.<\/p>\n<p>Dados das \u00faltimas edi\u00e7\u00f5es (Refis, Paese 11.941\/09) revelaram que a exclus\u00e3o por inadimpl\u00eancia ficou em torno de 78%. \u201cOs maiores benefici\u00e1rios foram grandes devedores que possuem capacidade de pagamento, e que por isso nem deveriam ser o p\u00fablico-alvo dos programas. Estas empresas incluem os parcelamentos em seu planejamento tribut\u00e1rio criando uma cultura de inadimplemento lucrativo\u201d, afirma Rodrigues.<\/p>\n<p>A Associa\u00e7\u00e3o questiona a ado\u00e7\u00e3o de expedientes que j\u00e1 se mostraram de dif\u00edcil e custosa operacionaliza\u00e7\u00e3o entre os quais o uso de preju\u00edzo fiscal, de precat\u00f3rios e cr\u00e9ditos de terceiro, al\u00e9m de valor de parcela com base em percentual da receita. Outra cr\u00edtica \u00e9 em rela\u00e7\u00e3o a ren\u00fancia de receita proposta pelo relat\u00f3rio que chega a 90% dos juros e corre\u00e7\u00e3o monet\u00e1ria, aumentando os ganhos com arbitragem e beneficiando grandes devedores com a desvaloriza\u00e7\u00e3o da moeda.<\/p>\n<p>O parcelamento de d\u00edvidas junto a autarquias e funda\u00e7\u00f5es, para as quais n\u00e3o havia qualquer estudo tamb\u00e9m, \u00e9 alvo de desaprova\u00e7\u00e3o. O presidente da Anafe afirma que: \u201cs\u00e3o d\u00edvidas de taxas e multas regulat\u00f3rias com diferentes fundamentos legais e express\u00f5es econ\u00f4micas cobradas por 159 entidades, o que torna ineficiente o custo de desenvolvimento de sistemas para concess\u00e3o de benef\u00edcios.\u201d<\/p>\n","protected":false},"excerpt":{"rendered":"<p>Membros da AGU criticam MP do Refis aprovada pelo Plen\u00e1rio do Senado Federal, que foi \u00e0 san\u00e7\u00e3o presidencial. Presidente da Anafe classifica a proposta como &#8220;medida pr\u00f3-sonega\u00e7\u00e3o&#8221;. Em edi\u00e7\u00f5es anteriores, a exclus\u00e3o por inadimpl\u00eancia ficou em torno de 78% e os maiores benefici\u00e1rios foram grandes devedores com capacidade de pagamento, que n\u00e3o deveriam ser o alvo do programa A Medida [&hellip;]<\/p>\n","protected":false},"author":27,"featured_media":0,"comment_status":"open","ping_status":"closed","sticky":false,"template":"","format":"standard","meta":{"footnotes":""},"categories":[2719],"tags":[2365,1234,3782,3790,2584,4889,3510,390,3106,3187,4769,9220,853,1407,9221,151,6286,1596,6755],"class_list":["post-6983","post","type-post","status-publish","format-standard","hentry","category-servidor","tag-alvo","tag-anafe","tag-beneficiario","tag-capacidade","tag-constituicao","tag-desrespeita","tag-devedores","tag-empresas","tag-exclusao","tag-grandes","tag-inadimplencia","tag-lucrativo","tag-mp","tag-operacao-lava-jato","tag-operacionalizacao","tag-pagamento","tag-parcelamentos","tag-programa","tag-refis"],"_links":{"self":[{"href":"https:\/\/blogs.correiobraziliense.com.br\/servidor\/wp-json\/wp\/v2\/posts\/6983","targetHints":{"allow":["GET"]}}],"collection":[{"href":"https:\/\/blogs.correiobraziliense.com.br\/servidor\/wp-json\/wp\/v2\/posts"}],"about":[{"href":"https:\/\/blogs.correiobraziliense.com.br\/servidor\/wp-json\/wp\/v2\/types\/post"}],"author":[{"embeddable":true,"href":"https:\/\/blogs.correiobraziliense.com.br\/servidor\/wp-json\/wp\/v2\/users\/27"}],"replies":[{"embeddable":true,"href":"https:\/\/blogs.correiobraziliense.com.br\/servidor\/wp-json\/wp\/v2\/comments?post=6983"}],"version-history":[{"count":1,"href":"https:\/\/blogs.correiobraziliense.com.br\/servidor\/wp-json\/wp\/v2\/posts\/6983\/revisions"}],"predecessor-version":[{"id":6984,"href":"https:\/\/blogs.correiobraziliense.com.br\/servidor\/wp-json\/wp\/v2\/posts\/6983\/revisions\/6984"}],"wp:attachment":[{"href":"https:\/\/blogs.correiobraziliense.com.br\/servidor\/wp-json\/wp\/v2\/media?parent=6983"}],"wp:term":[{"taxonomy":"category","embeddable":true,"href":"https:\/\/blogs.correiobraziliense.com.br\/servidor\/wp-json\/wp\/v2\/categories?post=6983"},{"taxonomy":"post_tag","embeddable":true,"href":"https:\/\/blogs.correiobraziliense.com.br\/servidor\/wp-json\/wp\/v2\/tags?post=6983"}],"curies":[{"name":"wp","href":"https:\/\/api.w.org\/{rel}","templated":true}]}}