{"id":6981,"date":"2017-10-10T17:44:21","date_gmt":"2017-10-10T20:44:21","guid":{"rendered":"https:\/\/blogs.correiobraziliense.com.br\/servidor\/?p=6981"},"modified":"2017-10-10T17:44:21","modified_gmt":"2017-10-10T20:44:21","slug":"cade-investiga-cartel-em-licitacoes-da-prefeitura-do-rio-de-janeiro-na-operacao-lava-jato","status":"publish","type":"post","link":"https:\/\/blogs.correiobraziliense.com.br\/servidor\/cade-investiga-cartel-em-licitacoes-da-prefeitura-do-rio-de-janeiro-na-operacao-lava-jato\/","title":{"rendered":"Cade investiga cartel em licita\u00e7\u00f5es da prefeitura do Rio de Janeiro na Opera\u00e7\u00e3o Lava Jato"},"content":{"rendered":"<p><i>Inqu\u00e9rito decorre de mais um acordo de leni\u00eancia assinado com o Cade, o MPF\/RJ e a Carioca Engenharia<\/i><\/p>\n<p>A Superintend\u00eancia-Geral do Conselho Administrativo de Defesa Econ\u00f4mica (SG\/Cade) apura, por meio do Inqu\u00e9rito Administrativo <span id=\"OBJ_PREFIX_DWT2210_com_zimbra_url\" class=\"Object\"><span id=\"OBJ_PREFIX_DWT2232_com_zimbra_url\" class=\"Object\"><a href=\"http:\/\/sei.cade.gov.br\/sei\/institucional\/pesquisa\/processo_exibir.php?tzuQpynClZls_rHQcc3fMu8I2htJ1ahuckyi_C139hQTLou0YXT9NbBzDF1_uT5GkCbp-pK22t59KW1fbixr-g,,\" target=\"_blank\"> 08700.003344\/2017-41<\/a><\/span><\/span>, suposto cartel em licita\u00e7\u00f5es da Secretaria Municipal de Obras da Prefeitura do Rio<span id=\"OBJ_PREFIX_DWT2211_com_zimbra_date\" class=\"Object\"> de Janeiro<\/span> (SMO\/RJ). Os certames afetados dizem respeito, principalmente, \u00e0 contrata\u00e7\u00e3o de servi\u00e7os de engenharia e constru\u00e7\u00e3o civil de grandes projetos vi\u00e1rios.<\/p>\n<p>A investiga\u00e7\u00e3o \u00e9 desdobramento da \u201cOpera\u00e7\u00e3o Lava Jato\u201d e foi subsidiada pela celebra\u00e7\u00e3o, em junho passado, de acordo de leni\u00eancia com a Carioca Christiani-Nielsen Engenharia S\/A e com executivos e ex-executivos da empresa. O acordo foi assinado pelo Cade em conjunto com Minist\u00e9rio P\u00fablico Federal no Rio<span id=\"OBJ_PREFIX_DWT2212_com_zimbra_date\" class=\"Object\"> de Janeiro<\/span> (MPF\/RJ). A leni\u00eancia firmada e as evid\u00eancias trazidas subsidiaram a deflagra\u00e7\u00e3o da \u201cOpera\u00e7\u00e3o Rio 40 Graus\u201d pelo MPF\/RJ e pela Pol\u00edcia Federal, em agosto deste ano. As informa\u00e7\u00f5es do acordo ficaram de acesso restrito temporariamente para n\u00e3o prejudicar as investiga\u00e7\u00f5es no MPF\/RJ e no Cade.<\/p>\n<p>Trata-se do d\u00e9cimo primeiro acordo de leni\u00eancia divulgado pelo Cade no \u00e2mbito da Lava Jato.\u00a0Por meio da leni\u00eancia, a empresa e as pessoas f\u00edsicas signat\u00e1rias confessaram a participa\u00e7\u00e3o na conduta, forneceram informa\u00e7\u00f5es e apresentaram documentos probat\u00f3rios a fim de colaborar com as investiga\u00e7\u00f5es do alegado conluio. O acordo \u00e9 relacionado exclusivamente \u00e0 pr\u00e1tica de cartel, para a qual o Cade possui compet\u00eancia de apura\u00e7\u00e3o.<\/p>\n<p>Os signat\u00e1rios apontam que cinco empresas \u2013 Carioca Christiani-Nielsen Engenharia S\/A, Construtora Andrade Gutierrez S\/A, Construtora Norberto Odebrecht Brasil S\/A, Construtora OAS S\/A e Construtora Queiroz Galv\u00e3o S\/A \u2013 formavam um n\u00facleo duro do cartel. Adicionalmente, podem <span id=\"OBJ_PREFIX_DWT2213_com_zimbra_date\" class=\"Object\"><span id=\"OBJ_PREFIX_DWT2233_com_zimbra_date\" class=\"Object\">ter<\/span><\/span> participado do acordo anticompetitivo de forma secund\u00e1ria as empresas Constru\u00e7\u00f5es e Com\u00e9rcio Camargo Corr\u00eaa S\/A, Contern Constru\u00e7\u00e3o e Com\u00e9rcio S\/A e Delta Constru\u00e7\u00f5es S\/A. Al\u00e9m disso, pelo menos dez funcion\u00e1rios e\/ou ex-funcion\u00e1rios dessas empresas s\u00e3o indicados como participantes da suposta conduta. De acordo com os signat\u00e1rios, os contatos entre as concorrentes se iniciaram entre novembro e dezembro de 2009 e perduraram, com maior ou menor intensidade, at\u00e9 2014.<\/p>\n<p>At\u00e9 o momento, h\u00e1 ind\u00edcios de que, pelo menos, as obras para os corredores \u201cTranscarioca\u201d e \u201cTransbrasil\u201d foram afetadas por ajustes anticompetitivos e que as obras para o corredor \u201cTransoeste\u201d foram possivelmente atingidas pelo conluio. Outras obras da Prefeitura do Rio<span id=\"OBJ_PREFIX_DWT2214_com_zimbra_date\" class=\"Object\"> de Janeiro<\/span> podem <span id=\"OBJ_PREFIX_DWT2234_com_zimbra_date\" class=\"Object\">ter<\/span> sido, adicionalmente, afetadas pela din\u00e2mica anticompetitiva em investiga\u00e7\u00e3o. Os signat\u00e1rios informaram que as cl\u00e1usulas dos editais dos certames para os Corredores Transcarioca, Transbrasil e Transoeste foram direcionadas pelas participantes do cartel, mediante contato com agentes p\u00fablicos e pol\u00edticos da Prefeitura do Rio<span id=\"OBJ_PREFIX_DWT2215_com_zimbra_date\" class=\"Object\"> de Janeiro<\/span>. O objetivo era restringir o acesso de empresas de m\u00e9dio e pequeno porte, bem como favorecer a habilita\u00e7\u00e3o e adjudica\u00e7\u00e3o das empresas pactuadas. Em cada certame, relatam ainda que houve acordos entre concorrentes para a fixa\u00e7\u00e3o de pre\u00e7os, condi\u00e7\u00f5es e vantagens, al\u00e9m da divis\u00e3o de licita\u00e7\u00f5es, por meio da apresenta\u00e7\u00e3o de propostas de cobertura e da supress\u00e3o de propostas.<\/p>\n<p><b>Hist\u00f3rico da conduta e inqu\u00e9rito administrativo<\/b><\/p>\n<p>Acompanha o acordo de leni\u00eancia um\u00a0\u201cHist\u00f3rico da Conduta&#8221;, no qual a SG\/Cade descreve de maneira detalhada a pr\u00e1tica anticompetitiva, conforme relatada pelos signat\u00e1rios e subsidiada pelos documentos probat\u00f3rios apresentados. Em comum acordo, Cade, MPF\/RJ e os signat\u00e1rios dispensaram a sua confidencialidade.<\/p>\n<p>Ao final do inqu\u00e9rito administrativo, cabe \u00e0 SG\/Cade decidir pela eventual instaura\u00e7\u00e3o de processo administrativo, no qual s\u00e3o apontados os ind\u00edcios de infra\u00e7\u00e3o \u00e0 ordem econ\u00f4mica colhidos e as pessoas f\u00edsicas e jur\u00eddicas acusadas. Nessa fase, os representados no processo ser\u00e3o notificados para apresentar defesa. Ao final da instru\u00e7\u00e3o, a Superintend\u00eancia emite parecer opinativo pela condena\u00e7\u00e3o ou pelo arquivamento do caso em rela\u00e7\u00e3o a cada acusado. As conclus\u00f5es s\u00e3o encaminhadas ao Tribunal do Cade, respons\u00e1vel pela decis\u00e3o final.<\/p>\n<p>O julgamento final na esfera administrativa cabe ao Tribunal do Cade, que pode aplicar \u00e0s empresas eventualmente condenadas multas de at\u00e9 20% de seu faturamento. As pessoas f\u00edsicas, caso identificadas e condenadas, sujeitam-se a multas de R$ 50 mil a R$ 2 bilh\u00f5es. O Tribunal tamb\u00e9m pode adotar outras medidas que entenda necess\u00e1rias para a dissuas\u00e3o da conduta.<\/p>\n<p><b>Acordos de leni\u00eancia no Cade<\/b><\/p>\n<p>Nos termos da Lei 12.529\/2011, o acordo de leni\u00eancia tem por objetivo obter informa\u00e7\u00f5es e documentos que comprovem um cartel, bem como identificar os demais participantes na conduta.<\/p>\n<p>H\u00e1 outros dez acordos de leni\u00eancia p\u00fablicos apresentados pelo Cade no \u00e2mbito da \u201cOpera\u00e7\u00e3o Lava Jato\u201d. O primeiro foi celebrado com a empresa Setal\/SOG e alguns de seus funcion\u00e1rios e ex-funcion\u00e1rios, para<span id=\"OBJ_PREFIX_DWT2216_com_zimbra_url\" class=\"Object\"><span id=\"OBJ_PREFIX_DWT2235_com_zimbra_url\" class=\"Object\"><a href=\"http:\/\/www.cade.gov.br\/cade-celebra-acordo-de-leniencia-no-ambito-da-201coperacao-lava-jato201d\" target=\"_blank\">\u00a0<\/a><\/span><\/span><span id=\"OBJ_PREFIX_DWT2217_com_zimbra_url\" class=\"Object\"><span id=\"OBJ_PREFIX_DWT2236_com_zimbra_url\" class=\"Object\"><a href=\"http:\/\/www.cade.gov.br\/noticias\/cade-instaura-processo-administrativo-na-investigacao-de-cartel-em-licitacoes-da-petrobras\" target=\"_blank\">investiga\u00e7\u00e3o de cartel em licita\u00e7\u00f5es para obras de montagem industrial <i>onshore<\/i> da Petrobras<\/a><\/span><\/span>\u00a0; h\u00e1 dois firmados com a empresa Camargo Corr\u00eaa e alguns de seus funcion\u00e1rios e ex-funcion\u00e1rios, respectivamente, para<span id=\"OBJ_PREFIX_DWT2218_com_zimbra_url\" class=\"Object\"><span id=\"OBJ_PREFIX_DWT2237_com_zimbra_url\" class=\"Object\"><a href=\"http:\/\/www.cade.gov.br\/cade-celebra-acordo-de-leniencia-em-investigacao-de-cartel-em-licitacao-da-usina-angra-3\" target=\"_blank\">\u00a0<\/a><\/span><\/span><span id=\"OBJ_PREFIX_DWT2219_com_zimbra_url\" class=\"Object\"><span id=\"OBJ_PREFIX_DWT2238_com_zimbra_url\" class=\"Object\"><a href=\"http:\/\/www.cade.gov.br\/noticias\/cade-celebra-acordo-de-leniencia-em-investigacao-de-cartel-em-licitacao-da-usina-angra-3\" target=\"_blank\">investiga\u00e7\u00e3o de cartel em licita\u00e7\u00e3o para obras de montagem eletronuclear na usina Angra 3 da Eletronuclear<\/a><\/span><\/span> e para\u00a0<span id=\"OBJ_PREFIX_DWT2220_com_zimbra_url\" class=\"Object\"><span id=\"OBJ_PREFIX_DWT2239_com_zimbra_url\" class=\"Object\"><a href=\"http:\/\/www.cade.gov.br\/noticias\/cade-mpf-go-e-policia-federal-realizam-operacao-para-investigar-suposto-cartel-em-licitacoes-de-ferrovias\" target=\"_blank\">investiga\u00e7\u00e3o de cartel em licita\u00e7\u00f5es da Valec para implanta\u00e7\u00e3o da Ferrovia Norte-Sul e da Ferrovia Integra\u00e7\u00e3o Oeste-Leste<\/a><\/span><\/span>; um com a empresa Carioca Engenharia e alguns de seus funcion\u00e1rios e ex-funcion\u00e1rios para a\u00a0<span id=\"OBJ_PREFIX_DWT2221_com_zimbra_url\" class=\"Object\"><span id=\"OBJ_PREFIX_DWT2240_com_zimbra_url\" class=\"Object\"><a href=\"http:\/\/www.cade.gov.br\/noticias\/cade-investiga-cartel-em-licitacoes-de-edificacoes-especiais-da-petrobras-no-ambito-da-operacao-lava-jato\" target=\"_blank\">investiga\u00e7\u00e3o de cartel em licita\u00e7\u00f5es de edifica\u00e7\u00f5es especiais da Petrobras<\/a><\/span><\/span>; quatro com a empresa Andrade Gutierrez e alguns de seus funcion\u00e1rios e ex-funcion\u00e1rios, respectivamente, para a<span id=\"OBJ_PREFIX_DWT2222_com_zimbra_url\" class=\"Object\"><span id=\"OBJ_PREFIX_DWT2241_com_zimbra_url\" class=\"Object\"><a href=\"http:\/\/www.cade.gov.br\/cade-celebra-acordo-de-leniencia-em-investigacao-de-cartel-na-licitacao-da-usina-de-belo-monte\" target=\"_blank\">\u00a0<\/a><\/span><\/span><span id=\"OBJ_PREFIX_DWT2223_com_zimbra_url\" class=\"Object\"><span id=\"OBJ_PREFIX_DWT2242_com_zimbra_url\" class=\"Object\"><a href=\"http:\/\/www.cade.gov.br\/noticias\/cade-celebra-acordo-de-leniencia-em-investigacao-de-cartel-na-licitacao-da-usina-de-belo-monte\" target=\"_blank\">investiga\u00e7\u00e3o de cartel em licita\u00e7\u00e3o na Usina Hidrel\u00e9trica de Belo Monte<\/a><\/span><\/span>, para a<span id=\"OBJ_PREFIX_DWT2224_com_zimbra_url\" class=\"Object\"><span id=\"OBJ_PREFIX_DWT2243_com_zimbra_url\" class=\"Object\"><a href=\"http:\/\/www.cade.gov.br\/noticias\/cade-celebra-acordo-de-leniencia-em-investigacao-de-cartel-na-licitacao-para-urbanizacao-de-favelas-no-rio-de-janeiro\" target=\"_blank\">\u00a0investiga\u00e7\u00e3o de cartel em licita\u00e7\u00f5es para urbaniza\u00e7\u00e3o das favelas do Alem\u00e3o, Manguinhos e Rocinha<\/a><\/span><\/span><span id=\"OBJ_PREFIX_DWT2225_com_zimbra_url\" class=\"Object\"><span id=\"OBJ_PREFIX_DWT2244_com_zimbra_url\" class=\"Object\"><a href=\"http:\/\/www.cade.gov.br\/cade-celebra-acordo-de-leniencia-em-investigacao-de-cartel-na-licitacao-para-urbanizacao-de-favelas-no-rio-de-janeiro\" target=\"_blank\">, no Rio de Janeiro<\/a><\/span><\/span>, para a<span id=\"OBJ_PREFIX_DWT2226_com_zimbra_url\" class=\"Object\"><span id=\"OBJ_PREFIX_DWT2245_com_zimbra_url\" class=\"Object\"><a href=\"http:\/\/www.cade.gov.br\/cade-investiga-cartel-em-licitacoes-de-estadios-da-copa-do-mundo-de-2014\" target=\"_blank\">\u00a0<\/a><\/span><\/span><span id=\"OBJ_PREFIX_DWT2227_com_zimbra_url\" class=\"Object\"><span id=\"OBJ_PREFIX_DWT2246_com_zimbra_url\" class=\"Object\"><a href=\"http:\/\/www.cade.gov.br\/noticias\/cade-investiga-cartel-em-licitacoes-de-estadios-da-copa-do-mundo-de-2014\" target=\"_blank\">investiga\u00e7\u00e3o de cartel em licita\u00e7\u00f5es de est\u00e1dio da Copa do Mundo de 2014<\/a><\/span><\/span> e\u00a0<span id=\"OBJ_PREFIX_DWT2228_com_zimbra_url\" class=\"Object\"><span id=\"OBJ_PREFIX_DWT2247_com_zimbra_url\" class=\"Object\"><a href=\"http:\/\/www.cade.gov.br\/cade-investiga-cartel-em-licitacoes-do-complexo-lagunar-e-de-mitigacao-de-cheias-do-norte-e-noroeste-fluminense-no-ambito-da-lava-jato\" target=\"_blank\">para a<\/a><\/span><\/span><span id=\"OBJ_PREFIX_DWT2229_com_zimbra_url\" class=\"Object\"><span id=\"OBJ_PREFIX_DWT2248_com_zimbra_url\" class=\"Object\"><a href=\"http:\/\/www.cade.gov.br\/noticias\/cade-investiga-cartel-em-licitacoes-do-complexo-lagunar-e-de-mitigacao-de-cheias-do-norte-e-noroeste-fluminense-no-ambito-da-lava-jato\" target=\"_blank\">\u00a0investiga\u00e7\u00e3o de cartel em licita\u00e7\u00f5es do Complexo Lagunar e de Mitiga\u00e7\u00e3o de Cheias do Norte e Noroeste Fluminense<\/a><\/span><\/span>, sendo que este foi o primeiro acordo de leni\u00eancia parcial no \u00e2mbito da \u201cOpera\u00e7\u00e3o Lava Jato\u201d; e, por fim, dois com a OAS para a\u00a0<span id=\"OBJ_PREFIX_DWT2230_com_zimbra_url\" class=\"Object\"><span id=\"OBJ_PREFIX_DWT2249_com_zimbra_url\" class=\"Object\"><a href=\"http:\/\/www.cade.gov.br\/noticias\/cade-investiga-cartel-em-obras-de-rodovias-do-arco-do-rio-de-janeiro-no-ambito-da-operacao-lava-jato\" target=\"_blank\">investiga\u00e7\u00e3o de cartel em obras do Arco Metropolitano do Rio de Janeiro<\/a><\/span><\/span> e para <span id=\"OBJ_PREFIX_DWT2231_com_zimbra_url\" class=\"Object\"><span id=\"OBJ_PREFIX_DWT2250_com_zimbra_url\" class=\"Object\"><a href=\"http:\/\/www.cade.gov.br\/noticias\/cade-celebra-acordo-de-leniencia-em-investigacao-de-cartel-em-licitacoes-no-distrito-federal\" target=\"_blank\">investiga\u00e7\u00e3o de cartel em licita\u00e7\u00f5es para obras civis de infraestrutura de mobilidade urbana do Distrito Federal<\/a><\/span><\/span>.\u201d<\/p>\n","protected":false},"excerpt":{"rendered":"<p>Inqu\u00e9rito decorre de mais um acordo de leni\u00eancia assinado com o Cade, o MPF\/RJ e a Carioca Engenharia A Superintend\u00eancia-Geral do Conselho Administrativo de Defesa Econ\u00f4mica (SG\/Cade) apura, por meio do Inqu\u00e9rito Administrativo 08700.003344\/2017-41, suposto cartel em licita\u00e7\u00f5es da Secretaria Municipal de Obras da Prefeitura do Rio de Janeiro (SMO\/RJ). Os certames afetados dizem respeito, principalmente, \u00e0 contrata\u00e7\u00e3o de servi\u00e7os [&hellip;]<\/p>\n","protected":false},"author":27,"featured_media":0,"comment_status":"open","ping_status":"closed","sticky":false,"template":"","format":"standard","meta":{"footnotes":""},"categories":[2719],"tags":[84,954,9215,3818,2354,1319,4475,8087,199,760,7516,5042,1675,854,137,9214,1407,9218,9213,9219,1300,3842,754,1379,9216,9217],"class_list":["post-6981","post","type-post","status-publish","format-standard","hentry","category-servidor","tag-acesso","tag-cade","tag-carioca-engenharia","tag-cartel","tag-certames","tag-civil","tag-conluio","tag-construcao","tag-contratacoes","tag-documentos","tag-evidencias","tag-executivos","tag-investiga","tag-leniencia","tag-licitacoes","tag-mpfrj","tag-operacao-lava-jato","tag-operacao-rio-40-graus","tag-prefeitura","tag-probatorio","tag-projetos","tag-restrito","tag-rio-de-janeiro","tag-servicos","tag-smorj","tag-viarios"],"_links":{"self":[{"href":"https:\/\/blogs.correiobraziliense.com.br\/servidor\/wp-json\/wp\/v2\/posts\/6981","targetHints":{"allow":["GET"]}}],"collection":[{"href":"https:\/\/blogs.correiobraziliense.com.br\/servidor\/wp-json\/wp\/v2\/posts"}],"about":[{"href":"https:\/\/blogs.correiobraziliense.com.br\/servidor\/wp-json\/wp\/v2\/types\/post"}],"author":[{"embeddable":true,"href":"https:\/\/blogs.correiobraziliense.com.br\/servidor\/wp-json\/wp\/v2\/users\/27"}],"replies":[{"embeddable":true,"href":"https:\/\/blogs.correiobraziliense.com.br\/servidor\/wp-json\/wp\/v2\/comments?post=6981"}],"version-history":[{"count":1,"href":"https:\/\/blogs.correiobraziliense.com.br\/servidor\/wp-json\/wp\/v2\/posts\/6981\/revisions"}],"predecessor-version":[{"id":6982,"href":"https:\/\/blogs.correiobraziliense.com.br\/servidor\/wp-json\/wp\/v2\/posts\/6981\/revisions\/6982"}],"wp:attachment":[{"href":"https:\/\/blogs.correiobraziliense.com.br\/servidor\/wp-json\/wp\/v2\/media?parent=6981"}],"wp:term":[{"taxonomy":"category","embeddable":true,"href":"https:\/\/blogs.correiobraziliense.com.br\/servidor\/wp-json\/wp\/v2\/categories?post=6981"},{"taxonomy":"post_tag","embeddable":true,"href":"https:\/\/blogs.correiobraziliense.com.br\/servidor\/wp-json\/wp\/v2\/tags?post=6981"}],"curies":[{"name":"wp","href":"https:\/\/api.w.org\/{rel}","templated":true}]}}