{"id":6953,"date":"2017-10-06T19:33:26","date_gmt":"2017-10-06T22:33:26","guid":{"rendered":"https:\/\/blogs.correiobraziliense.com.br\/servidor\/?p=6953"},"modified":"2017-10-06T19:33:26","modified_gmt":"2017-10-06T22:33:26","slug":"paralisacao-no-banco-central","status":"publish","type":"post","link":"https:\/\/blogs.correiobraziliense.com.br\/servidor\/paralisacao-no-banco-central\/","title":{"rendered":"Paralisa\u00e7\u00e3o no Banco Central"},"content":{"rendered":"<p><em>AGN na pr\u00f3xima segunda-feira, 9 de outubro, com indicativo de paralisa\u00e7\u00f5es no Banco Central<\/em><\/p>\n<p>O Sindicato Nacional dos Funcion\u00e1rios do Banco Central (Sinal) convoca, nacionalmente assembleia geral nacional (AGN), nesta segunda-feira, 9 de outubro, em hor\u00e1rio e local definidos pelas sedes regionais, para juntos decidir sobre o indicativo de \u201cparalisa\u00e7\u00e3o de duas horas, nos dias 9 e 10 de outubro, no per\u00edodo da tarde, em prol da aprova\u00e7\u00e3o da Emenda 51 e da valoriza\u00e7\u00e3o da carreira de especialista do Banco Central do Brasil\u201d.<\/p>\n","protected":false},"excerpt":{"rendered":"<p>AGN na pr\u00f3xima segunda-feira, 9 de outubro, com indicativo de paralisa\u00e7\u00f5es no Banco Central O Sindicato Nacional dos Funcion\u00e1rios do Banco Central (Sinal) convoca, nacionalmente assembleia geral nacional (AGN), nesta segunda-feira, 9 de outubro, em hor\u00e1rio e local definidos pelas sedes regionais, para juntos decidir sobre o indicativo de \u201cparalisa\u00e7\u00e3o de duas horas, nos dias 9 e 10 de outubro, [&hellip;]<\/p>\n","protected":false},"author":27,"featured_media":0,"comment_status":"open","ping_status":"closed","sticky":false,"template":"","format":"standard","meta":{"footnotes":""},"categories":[2719],"tags":[518,1236,188,9157,883,1683,506,524],"class_list":["post-6953","post","type-post","status-publish","format-standard","hentry","category-servidor","tag-assembleia","tag-banco-central","tag-carreira","tag-especialista","tag-horas","tag-indicativo","tag-paralisacao","tag-valorizacao"],"_links":{"self":[{"href":"https:\/\/blogs.correiobraziliense.com.br\/servidor\/wp-json\/wp\/v2\/posts\/6953","targetHints":{"allow":["GET"]}}],"collection":[{"href":"https:\/\/blogs.correiobraziliense.com.br\/servidor\/wp-json\/wp\/v2\/posts"}],"about":[{"href":"https:\/\/blogs.correiobraziliense.com.br\/servidor\/wp-json\/wp\/v2\/types\/post"}],"author":[{"embeddable":true,"href":"https:\/\/blogs.correiobraziliense.com.br\/servidor\/wp-json\/wp\/v2\/users\/27"}],"replies":[{"embeddable":true,"href":"https:\/\/blogs.correiobraziliense.com.br\/servidor\/wp-json\/wp\/v2\/comments?post=6953"}],"version-history":[{"count":1,"href":"https:\/\/blogs.correiobraziliense.com.br\/servidor\/wp-json\/wp\/v2\/posts\/6953\/revisions"}],"predecessor-version":[{"id":6954,"href":"https:\/\/blogs.correiobraziliense.com.br\/servidor\/wp-json\/wp\/v2\/posts\/6953\/revisions\/6954"}],"wp:attachment":[{"href":"https:\/\/blogs.correiobraziliense.com.br\/servidor\/wp-json\/wp\/v2\/media?parent=6953"}],"wp:term":[{"taxonomy":"category","embeddable":true,"href":"https:\/\/blogs.correiobraziliense.com.br\/servidor\/wp-json\/wp\/v2\/categories?post=6953"},{"taxonomy":"post_tag","embeddable":true,"href":"https:\/\/blogs.correiobraziliense.com.br\/servidor\/wp-json\/wp\/v2\/tags?post=6953"}],"curies":[{"name":"wp","href":"https:\/\/api.w.org\/{rel}","templated":true}]}}