{"id":6947,"date":"2017-10-06T12:28:02","date_gmt":"2017-10-06T15:28:02","guid":{"rendered":"https:\/\/blogs.correiobraziliense.com.br\/servidor\/?p=6947"},"modified":"2017-10-06T12:28:02","modified_gmt":"2017-10-06T15:28:02","slug":"postalis-demora-da-previc-em-tomar-providencias-aumentou-prejuizo-diz-rubens-bueno","status":"publish","type":"post","link":"https:\/\/blogs.correiobraziliense.com.br\/servidor\/postalis-demora-da-previc-em-tomar-providencias-aumentou-prejuizo-diz-rubens-bueno\/","title":{"rendered":"Postalis: Demora da Previc em tomar provid\u00eancias aumentou preju\u00edzo, diz Rubens Bueno"},"content":{"rendered":"<p><em>Para o deputado, a\u00e7\u00e3o criminosa de indicados pelo PT destruiu fundos de pens\u00e3o<\/em><\/p>\n<p>Autor do pedido da CPI dos Fundos de Pens\u00e3o que em 2016 pediu 353 indiciamentos de pessoas e empresas envolvidas nas fraudes, o deputado federal Rubens Bueno (PPS-PR) afirmou nesta sexta-feira que a lentid\u00e3o da Superintend\u00eancia Nacional de Previd\u00eancia Complementar (Previc) para intervir nos fundos aumentou o preju\u00edzo que hoje est\u00e1 sendo pago por milhares de trabalhares. Somente nesta semana, mais de dois anos ap\u00f3s a conclus\u00e3o da comiss\u00e3o de inqu\u00e9rito, \u00e9 que o \u00f3rg\u00e3o de fiscaliza\u00e7\u00e3o determinou a interven\u00e7\u00e3o no fundo dos funcion\u00e1rios dos Correios, o Postalis, e afastou o presidente em exerc\u00edcio, o diretor em exerc\u00edcio da \u00e1rea de Benef\u00edcios, e membros titulares e suplentes dos conselhos Deliberativo e Fiscal do fundo de pens\u00e3o.<\/p>\n<p>\u201cNo caso do Postalis a m\u00e1 gest\u00e3o e a responsabilidade da dire\u00e7\u00e3o pelo rombo de mais de 4 bilh\u00f5es haviam sido identificadas n\u00e3o s\u00f3 pela CPI, mas pelo Tribunal de Contas da Uni\u00e3o, pela Pol\u00edcia Federal e pelo Minist\u00e9rio P\u00fablico. Diretores do fundo chegaram a ser presos! \u00c9 incr\u00edvel que s\u00f3 agora a Previc tenha tomado provid\u00eancias. Deixaram as raposas cuidando do galinheiro. Essa lentid\u00e3o at\u00e9 gera desconfian\u00e7a e n\u00e3o h\u00e1 d\u00favidas que provocou mais preju\u00edzo\u201d, disse o parlamentar.<\/p>\n<p>Rubens Bueno lembra ainda que um pedido de interven\u00e7\u00e3o no Postalis (<a href=\"http:\/\/www.pps.org.br\/wp-content\/uploads\/2017\/10\/Saiba-Mais.pdf\" target=\"_blank\">Saiba Mais<\/a>) foi encaminhado \u00e0 Previc ainda em 2014 pela Associa\u00e7\u00e3o dos Profissionais dos Correios (ADCAP), pela Federa\u00e7\u00e3o Interestadual dos Sindicatos de Trabalhadores e Trabalhadoras do Correios (FIMDECT) e pela Associa\u00e7\u00e3o Nacional dos Participantes do Postalis (ANAPOST). \u201cNo pedido as entidades j\u00e1 denunciavam a captura pol\u00edtica da gest\u00e3o do fundo e os enormes preju\u00edzos que isso estava trazendo para os trabalhadores. Mas a Previc, na \u00e9poca do governo do PT, considerou que a interven\u00e7\u00e3o era uma medida muito extrema. Deu no que deu\u201d, critica o parlamentar.<\/p>\n<p>Para o deputado, est\u00e1 claro que a destrui\u00e7\u00e3o dos fundos de pens\u00e3o \u00e9 resultado da a\u00e7\u00e3o criminosa de indicados pelo PT para gerir os \u00f3rg\u00e3os nos governos dos ex-presidentes Luiz In\u00e1cio Lula da Silva e Dilma Rousseff. \u201cJ\u00e1 est\u00e1 mais do que comprovado, inclusive nas investiga\u00e7\u00f5es da opera\u00e7\u00e3o Lava Jato, que parte do dinheiro desviado dos fundos de pens\u00e3o foi usado para abastecer o caixa do PT e de partidos aliados. Esperamos agora que a Previc, mesmo tardiamente, consiga agora encontrar uma solu\u00e7\u00e3o para salvar o Postalis. E que venham outras interven\u00e7\u00f5es\u201d, defendeu Rubens Bueno.<\/p>\n<p>A CPI criada a pedido do parlamentar apurou preju\u00edzo de R$ 113,4 bilh\u00f5es, com a desvaloriza\u00e7\u00e3o de ativos dos quatro fundos de pens\u00e3o no per\u00edodo de 2011 a 2015. De acordo com o relat\u00f3rio, a rentabilidade do ativo da Previ nesse per\u00edodo ficou abaixo da meta m\u00ednima em R$ 68,9 bilh\u00f5es. Na Petros e na Funcef, o preju\u00edzo para os ativos foi de R$ 22,3 bilh\u00f5es e R$ 18,1 bilh\u00f5es, respectivamente. J\u00e1 no Postalis, a baixa foi de R$ 4,1 bilh\u00f5es.<\/p>\n","protected":false},"excerpt":{"rendered":"<p>Para o deputado, a\u00e7\u00e3o criminosa de indicados pelo PT destruiu fundos de pens\u00e3o Autor do pedido da CPI dos Fundos de Pens\u00e3o que em 2016 pediu 353 indiciamentos de pessoas e empresas envolvidas nas fraudes, o deputado federal Rubens Bueno (PPS-PR) afirmou nesta sexta-feira que a lentid\u00e3o da Superintend\u00eancia Nacional de Previd\u00eancia Complementar (Previc) para intervir nos fundos aumentou o [&hellip;]<\/p>\n","protected":false},"author":27,"featured_media":0,"comment_status":"open","ping_status":"closed","sticky":false,"template":"","format":"standard","meta":{"footnotes":""},"categories":[2719],"tags":[5181,9151,852,1150,20,9150,940,1011,1020,153,5564,4413,5298,9149,9148,1021,9147,1411,1018,1019,4978,5310,19],"class_list":["post-6947","post","type-post","status-publish","format-standard","hentry","category-servidor","tag-adcap","tag-anapost","tag-beneficios","tag-comissao","tag-correios","tag-fimdect","tag-fiscalizacao","tag-fraudes","tag-funcef","tag-fundos-de-pensao","tag-indicados","tag-inquerito","tag-intervencao","tag-intervir","tag-lentidao","tag-petros","tag-pi","tag-politicos","tag-postalis","tag-prejuizo","tag-previc","tag-providencias","tag-trabalhadores"],"_links":{"self":[{"href":"https:\/\/blogs.correiobraziliense.com.br\/servidor\/wp-json\/wp\/v2\/posts\/6947","targetHints":{"allow":["GET"]}}],"collection":[{"href":"https:\/\/blogs.correiobraziliense.com.br\/servidor\/wp-json\/wp\/v2\/posts"}],"about":[{"href":"https:\/\/blogs.correiobraziliense.com.br\/servidor\/wp-json\/wp\/v2\/types\/post"}],"author":[{"embeddable":true,"href":"https:\/\/blogs.correiobraziliense.com.br\/servidor\/wp-json\/wp\/v2\/users\/27"}],"replies":[{"embeddable":true,"href":"https:\/\/blogs.correiobraziliense.com.br\/servidor\/wp-json\/wp\/v2\/comments?post=6947"}],"version-history":[{"count":1,"href":"https:\/\/blogs.correiobraziliense.com.br\/servidor\/wp-json\/wp\/v2\/posts\/6947\/revisions"}],"predecessor-version":[{"id":6948,"href":"https:\/\/blogs.correiobraziliense.com.br\/servidor\/wp-json\/wp\/v2\/posts\/6947\/revisions\/6948"}],"wp:attachment":[{"href":"https:\/\/blogs.correiobraziliense.com.br\/servidor\/wp-json\/wp\/v2\/media?parent=6947"}],"wp:term":[{"taxonomy":"category","embeddable":true,"href":"https:\/\/blogs.correiobraziliense.com.br\/servidor\/wp-json\/wp\/v2\/categories?post=6947"},{"taxonomy":"post_tag","embeddable":true,"href":"https:\/\/blogs.correiobraziliense.com.br\/servidor\/wp-json\/wp\/v2\/tags?post=6947"}],"curies":[{"name":"wp","href":"https:\/\/api.w.org\/{rel}","templated":true}]}}