{"id":6913,"date":"2017-10-04T16:26:50","date_gmt":"2017-10-04T19:26:50","guid":{"rendered":"https:\/\/blogs.correiobraziliense.com.br\/servidor\/?p=6913"},"modified":"2017-10-04T16:26:50","modified_gmt":"2017-10-04T19:26:50","slug":"auditores-agropecuarios-distribuem-alimentos-em-protesto-na-esplanada-dos-ministerios","status":"publish","type":"post","link":"https:\/\/blogs.correiobraziliense.com.br\/servidor\/auditores-agropecuarios-distribuem-alimentos-em-protesto-na-esplanada-dos-ministerios\/","title":{"rendered":"Auditores agropecu\u00e1rios distribuem alimentos em protesto na Esplanada dos Minist\u00e9rios"},"content":{"rendered":"<p><em>Profissionais pedem\u00a0sa\u00edda do ministro e do secret\u00e1rio executivo do Mapa. Durante o evento ser\u00e3o distribu\u00eddas\u00a06 toneladas de\u00a0frangos e 2\u00a0toneladas de\u00a0arroz para a popula\u00e7\u00e3o, como exemplos de produtos cuja qualidade \u00e9 aferida pelos auditores agropecu\u00e1rios. A expectativa \u00e9 de participa\u00e7\u00e3o de entre 250 e 300 Affas <\/em><\/p>\n<p>O Sindicato Nacional dos Auditores Fiscais Federais Agropecu\u00e1rios (Anffa Sindical) faz nesta quinta-feira (5) ato em frente ao Minist\u00e9rio da Agricultura, Pecu\u00e1ria e Abastecimento (Mapa). O objetivo \u00e9 pedir a sa\u00edda do ministro Blairo Maggi e do secret\u00e1rio da pasta Eumar Novacki e\u00a0para\u00a0protestar contra a tentativa de privatiza\u00e7\u00e3o e terceiriza\u00e7\u00e3o\u00a0de atividades relacionadas \u00e0\u00a0defesa agropecu\u00e1ria. Durante o evento ser\u00e3o distribu\u00eddas\u00a06 toneladas de\u00a0frangos e 2\u00a0toneladas de\u00a0arroz para a popula\u00e7\u00e3o, como exemplos de produtos cuja qualidade \u00e9 aferida pelos auditores agropecu\u00e1rios.<\/p>\n<p>Desde a Opera\u00e7\u00e3o Carne Fraca o Mapa vem\u00a0se aproveitando politicamente da situa\u00e7\u00e3o e\u00a0tomando uma s\u00e9rie de medidas com objetivo de terceirizar a defesa agropecu\u00e1ria, na an\u00e1lise do Sindicato. \u201cA terceiriza\u00e7\u00e3o da inspe\u00e7\u00e3o agropecu\u00e1ria j\u00e1 era um assunto corrente; h\u00e1 projetos de lei tramitando no Congresso que tratam desse assunto, mas o governo viu na Opera\u00e7\u00e3o Carne Fraca uma brecha para pressionar e impor a terceiriza\u00e7\u00e3o de maneira autorit\u00e1ria, sem di\u00e1logo com os servidores e com a sociedade\u201d, denuncia o presidente do Anffa Sindical, Maur\u00edcio Porto. Ele lembra que a den\u00fancia que originou a opera\u00e7\u00e3o foi feita por um auditor fiscal federal agropecu\u00e1rio (Affa), e o principal problema constatado pela investiga\u00e7\u00e3o \u00e9 a inger\u00eancia pol\u00edtica em cargos eminentemente t\u00e9cnicos, o que vem sendo h\u00e1 anos apontado pela categoria.<\/p>\n<p>O Mapa encomendou uma consultoria para fazer o diagn\u00f3stico e propor altera\u00e7\u00f5es na estrutura do minist\u00e9rio, especialmente na Secretaria de Defesa Agropecu\u00e1ria. O termo de refer\u00eancia de contrata\u00e7\u00e3o dessa consultoria n\u00e3o foi divulgado, os servidores n\u00e3o foram convidados a participar do processo e o resultado j\u00e1 apresentado pela empresa vazou para os servidores, que reclamaram publicamente. Somente depois disso eles foram convidados a conhecer formalmente o diagn\u00f3stico. \u201cN\u00f3s sabemos que \u00e9 preciso aperfei\u00e7oar processos e a gest\u00e3o. N\u00f3s, ali\u00e1s, j\u00e1 apresentamos uma proposta de mudan\u00e7a ao minist\u00e9rio, que a ignorou. E, embora n\u00e3o tenhamos participado do processo, temos concord\u00e2ncia em diversos pontos do diagn\u00f3stico apresentado pela empresa. Mas n\u00e3o concordamos, por exemplo, com a proposta de cria\u00e7\u00e3o de uma entidade colaborativa\u00a0idealizada para gerir os recursos financeiros destinados a essa atividade de Estado que est\u00e1 sendo sugerida\u201d, afirma Porto.<\/p>\n<p>O sindicato cobra, ainda, concurso para preenchimento de\u00a01.611\u00a0vagas e protesta contra a realiza\u00e7\u00e3o de processo seletivo\u00a0tempor\u00e1rio\u00a0para m\u00e9dicos veterin\u00e1rios e para\u00a0somente\u00a0300 auditores fiscais federais m\u00e9dicos veterin\u00e1rios. \u201cPara proteger a produ\u00e7\u00e3o agropecu\u00e1ria, o auditor fiscal federal agropecu\u00e1rio atua em muitos outros setores al\u00e9m da inspe\u00e7\u00e3o de produtos de origem animal, e para isso\u00a0\u00e9 composta de cinco profiss\u00f5es. Al\u00e9m de m\u00e9dicos veterin\u00e1rios h\u00e1 zootecnistas, engenheiros agr\u00f4nomos, farmac\u00eauticos e qu\u00edmicos. E estamos com defici\u00eancia em todas as \u00e1reas. Esse concurso e o processo seletivo para tempor\u00e1rios s\u00e3o paliativos para um problema que n\u00e3o \u00e9 pontual, e o minist\u00e9rio sabe disso\u201d, disse o presidente da entidade.<\/p>\n<p>Porto lembra que v\u00e1rias iniciativas de terceiriza\u00e7\u00e3o se mostraram desastrosas. \u201cO minist\u00e9rio credenciava empresas para trabalhar no Sistema Brasileiro de Bovinos e Bubalinos. Essas empresas certificavam fazendas para exporta\u00e7\u00e3o. Em 2007, a Uni\u00e3o Europeia enviou uma auditoria ao Brasil. Ela encontrou diversas irregularidades e afirmou que n\u00e3o seria poss\u00edvel importar carne de fazendas que n\u00e3o fossem certificadas por servidores oficiais, que somos n\u00f3s, os Affas. Naquele momento havia mais de 3 mil fazendas certificadas no Estado de Goi\u00e1s, para dar um exemplo. Quando passamos a fazer a fiscaliza\u00e7\u00e3o, apenas duas fazendas continuaram podendo exportar naquele Estado\u201d, conta.<\/p>\n<p>A manifesta\u00e7\u00e3o reunir\u00e1 entre 250 e 300 Affas na porta do Minist\u00e9rio. Al\u00e9m de doa\u00e7\u00e3o de alimentos, haver\u00e1 uma atra\u00e7\u00e3o teatral e a Affa L\u00facia Motta, servidora do Laborat\u00f3rio Nacional Agropecu\u00e1rio da Para\u00edba, apresentar\u00e1 o cordel\u00a0<em>A raposa toma conta do galinheiro: tentativa de privatiza\u00e7\u00e3o da defesa agropecu\u00e1ria.\u00a0<\/em>O ato come\u00e7ar\u00e1 \u00e0s 14 h.<br \/>\n<strong>Sobre os Auditores Fiscais Federais Agropecu\u00e1rios<\/strong><\/p>\n<p>O Sindicato Nacional dos Auditores Fiscais Federais Agropecu\u00e1rios (Anffa Sindical) \u00e9 a entidade representativa dos integrantes da carreira de Auditor Fiscal Federal Agropecu\u00e1rio. Os profissionais s\u00e3o engenheiros agr\u00f4nomos, farmac\u00eauticos, qu\u00edmicos, m\u00e9dicos veterin\u00e1rios e zootecnistas que exercem suas fun\u00e7\u00f5es para garantir qualidade de vida, sa\u00fade e seguran\u00e7a alimentar para as fam\u00edlias brasileiras. Atualmente existem 2,7 mil fiscais na ativa, que atuam nas \u00e1reas de auditoria e fiscaliza\u00e7\u00e3o, desde a fabrica\u00e7\u00e3o de insumos, como vacinas, ra\u00e7\u00f5es, sementes, fertilizantes, agrot\u00f3xicos etc., at\u00e9 o produto final, como sucos, refrigerantes, bebidas alco\u00f3licas, produtos vegetais (arroz, feij\u00e3o, \u00f3leos, azeites etc.), latic\u00ednios, ovos, m\u00e9is e carnes. Os profissionais tamb\u00e9m est\u00e3o nos campos, nas agroind\u00fastrias, nas institui\u00e7\u00f5es de pesquisa, nos laborat\u00f3rios nacionais agropecu\u00e1rios, nos supermercados, nos portos, aeroportos e postos de fronteira, no acompanhamento dos programas agropecu\u00e1rios e nas negocia\u00e7\u00f5es e rela\u00e7\u00f5es internacionais do agroneg\u00f3cio. Do campo \u00e0 mesa, dos pastos aos portos, do agroneg\u00f3cio para o Brasil e para o mundo.<\/p>\n","protected":false},"excerpt":{"rendered":"<p>Profissionais pedem\u00a0sa\u00edda do ministro e do secret\u00e1rio executivo do Mapa. Durante o evento ser\u00e3o distribu\u00eddas\u00a06 toneladas de\u00a0frangos e 2\u00a0toneladas de\u00a0arroz para a popula\u00e7\u00e3o, como exemplos de produtos cuja qualidade \u00e9 aferida pelos auditores agropecu\u00e1rios. A expectativa \u00e9 de participa\u00e7\u00e3o de entre 250 e 300 Affas O Sindicato Nacional dos Auditores Fiscais Federais Agropecu\u00e1rios (Anffa Sindical) faz nesta quinta-feira (5) ato [&hellip;]<\/p>\n","protected":false},"author":27,"featured_media":0,"comment_status":"open","ping_status":"closed","sticky":false,"template":"","format":"standard","meta":{"footnotes":""},"categories":[2719],"tags":[7434,13,4537,2429,9099,463,31,9100,1201,9095,9096,9101,9098,14,35,545,1001,221,718,787,1097,2110,1251,9097],"class_list":["post-6913","post","type-post","status-publish","format-standard","hentry","category-servidor","tag-agropecuaria","tag-agropecuarios","tag-alimentos","tag-anffa-sindical","tag-arros","tag-atividades","tag-auditores","tag-blairo-maggi","tag-defesa","tag-distribuem","tag-esplanada-dos-ministeiros","tag-eumar-novacki","tag-frangos","tag-mapa","tag-ministro","tag-populacao","tag-privatizacao","tag-produtos","tag-protesto","tag-qualidade","tag-saida","tag-secretario-executivo","tag-terceirizacao","tag-toneladas"],"_links":{"self":[{"href":"https:\/\/blogs.correiobraziliense.com.br\/servidor\/wp-json\/wp\/v2\/posts\/6913","targetHints":{"allow":["GET"]}}],"collection":[{"href":"https:\/\/blogs.correiobraziliense.com.br\/servidor\/wp-json\/wp\/v2\/posts"}],"about":[{"href":"https:\/\/blogs.correiobraziliense.com.br\/servidor\/wp-json\/wp\/v2\/types\/post"}],"author":[{"embeddable":true,"href":"https:\/\/blogs.correiobraziliense.com.br\/servidor\/wp-json\/wp\/v2\/users\/27"}],"replies":[{"embeddable":true,"href":"https:\/\/blogs.correiobraziliense.com.br\/servidor\/wp-json\/wp\/v2\/comments?post=6913"}],"version-history":[{"count":1,"href":"https:\/\/blogs.correiobraziliense.com.br\/servidor\/wp-json\/wp\/v2\/posts\/6913\/revisions"}],"predecessor-version":[{"id":6914,"href":"https:\/\/blogs.correiobraziliense.com.br\/servidor\/wp-json\/wp\/v2\/posts\/6913\/revisions\/6914"}],"wp:attachment":[{"href":"https:\/\/blogs.correiobraziliense.com.br\/servidor\/wp-json\/wp\/v2\/media?parent=6913"}],"wp:term":[{"taxonomy":"category","embeddable":true,"href":"https:\/\/blogs.correiobraziliense.com.br\/servidor\/wp-json\/wp\/v2\/categories?post=6913"},{"taxonomy":"post_tag","embeddable":true,"href":"https:\/\/blogs.correiobraziliense.com.br\/servidor\/wp-json\/wp\/v2\/tags?post=6913"}],"curies":[{"name":"wp","href":"https:\/\/api.w.org\/{rel}","templated":true}]}}