{"id":6911,"date":"2017-10-04T15:12:35","date_gmt":"2017-10-04T18:12:35","guid":{"rendered":"https:\/\/blogs.correiobraziliense.com.br\/servidor\/?p=6911"},"modified":"2017-10-04T15:12:35","modified_gmt":"2017-10-04T18:12:35","slug":"auditores-protestam-nesta-quinta-tres-anos-de-acordo-salarial-descumprido","status":"publish","type":"post","link":"https:\/\/blogs.correiobraziliense.com.br\/servidor\/auditores-protestam-nesta-quinta-tres-anos-de-acordo-salarial-descumprido\/","title":{"rendered":"Auditores protestam nesta quinta &#8211; tr\u00eas anos de acordo salarial descumprido"},"content":{"rendered":"<p><em>Os auditores-fiscais voltam a se mobilizar de amanh\u00e3 (5) nas principais unidades da Receita Federal. Os atos s\u00e3o porque o acordo salarial fechado com a categoria ainda n\u00e3o foi plenamente aplicado, depois de tr\u00eas anos de intensas discuss\u00f5es com o governo federal<\/em><\/p>\n<p>Os protestos tamb\u00e9m servir\u00e3o para denunciar as investidas contra o servi\u00e7o p\u00fablico e defender a autonomia da RFB.<\/p>\n<p>Nos principais portos do pa\u00eds (Santos\/SP, Rio\/RJ, Natal\/RN, Pec\u00e9m\/CE e Bel\u00e9m\/PA) haver\u00e1 manifesta\u00e7\u00f5es fora da reparti\u00e7\u00e3o. Em outras unidades aduaneiras (Uruguaiana\/RS, Foz do Igua\u00e7u\/PR, Mundo Novo\/MS, Paranagu\u00e1\/PR, Dion\u00edsio Cerqueira\/SC, Ponta Por\u00e3\/MS, S\u00e3o Borja\/RS, Salvador\/BA, Itaja\u00ed\/SC e Gua\u00edra\/PR) os trabalhos ser\u00e3o paralisados.<\/p>\n<p>A libera\u00e7\u00e3o de medicamentos, insumos laboratoriais, equipamentos hospitalares e translado de corpos seguir\u00e1 normalmente.\u00a0 Desembarques de voos internacionais n\u00e3o ser\u00e3o afetados.<br \/>\nNa pr\u00f3xima segunda-feira (9), os auditores voltam a se reunir em assembleia nacional para decidir sobre outras medidas que podem aprofundar o movimento de protesto contra o governo.<\/p>\n<p>SERVI\u00c7O:<br \/>\nO qu\u00ea? Manifesta\u00e7\u00e3o nacional dos Auditores-Fiscais da RFB.<br \/>\nQuando? Quinta-feira (5), a partir da meia-noite.<br \/>\nOnde? Aduanas de portos e zonas de fronteiras, como relacionado no texto acima.<\/p>\n","protected":false},"excerpt":{"rendered":"<p>Os auditores-fiscais voltam a se mobilizar de amanh\u00e3 (5) nas principais unidades da Receita Federal. Os atos s\u00e3o porque o acordo salarial fechado com a categoria ainda n\u00e3o foi plenamente aplicado, depois de tr\u00eas anos de intensas discuss\u00f5es com o governo federal Os protestos tamb\u00e9m servir\u00e3o para denunciar as investidas contra o servi\u00e7o p\u00fablico e defender a autonomia da RFB. [&hellip;]<\/p>\n","protected":false},"author":27,"featured_media":0,"comment_status":"open","ping_status":"closed","sticky":false,"template":"","format":"standard","meta":{"footnotes":""},"categories":[2719],"tags":[112,3932,1536,518,31,1308,379,9093,4856,9089,9094,9037,5092,124,98,7321,9090,1232,9091,2447,512,2766,9088,555,294,4746,1553,18,9092,514],"class_list":["post-6911","post","type-post","status-publish","format-standard","hentry","category-servidor","tag-acordo","tag-aduaneira","tag-anos","tag-assembleia","tag-auditores","tag-autonomia","tag-categoria","tag-corpos","tag-denunciar","tag-descumprido","tag-desembarques","tag-discussoes","tag-equipamentos","tag-federal","tag-governo","tag-hospitalares","tag-insumos","tag-internacionais","tag-laboratoriais","tag-medicamentos","tag-paralisados","tag-portos","tag-protesta","tag-protestos","tag-receita-federal","tag-reparticao","tag-rfb","tag-salarial","tag-translado","tag-unidades"],"_links":{"self":[{"href":"https:\/\/blogs.correiobraziliense.com.br\/servidor\/wp-json\/wp\/v2\/posts\/6911","targetHints":{"allow":["GET"]}}],"collection":[{"href":"https:\/\/blogs.correiobraziliense.com.br\/servidor\/wp-json\/wp\/v2\/posts"}],"about":[{"href":"https:\/\/blogs.correiobraziliense.com.br\/servidor\/wp-json\/wp\/v2\/types\/post"}],"author":[{"embeddable":true,"href":"https:\/\/blogs.correiobraziliense.com.br\/servidor\/wp-json\/wp\/v2\/users\/27"}],"replies":[{"embeddable":true,"href":"https:\/\/blogs.correiobraziliense.com.br\/servidor\/wp-json\/wp\/v2\/comments?post=6911"}],"version-history":[{"count":1,"href":"https:\/\/blogs.correiobraziliense.com.br\/servidor\/wp-json\/wp\/v2\/posts\/6911\/revisions"}],"predecessor-version":[{"id":6912,"href":"https:\/\/blogs.correiobraziliense.com.br\/servidor\/wp-json\/wp\/v2\/posts\/6911\/revisions\/6912"}],"wp:attachment":[{"href":"https:\/\/blogs.correiobraziliense.com.br\/servidor\/wp-json\/wp\/v2\/media?parent=6911"}],"wp:term":[{"taxonomy":"category","embeddable":true,"href":"https:\/\/blogs.correiobraziliense.com.br\/servidor\/wp-json\/wp\/v2\/categories?post=6911"},{"taxonomy":"post_tag","embeddable":true,"href":"https:\/\/blogs.correiobraziliense.com.br\/servidor\/wp-json\/wp\/v2\/tags?post=6911"}],"curies":[{"name":"wp","href":"https:\/\/api.w.org\/{rel}","templated":true}]}}