{"id":6905,"date":"2017-10-03T19:02:33","date_gmt":"2017-10-03T22:02:33","guid":{"rendered":"https:\/\/blogs.correiobraziliense.com.br\/servidor\/?p=6905"},"modified":"2017-10-03T19:02:33","modified_gmt":"2017-10-03T22:02:33","slug":"procuradores-da-republica-repudiam-ataques-descabidos-aos-membros-do-mpf-por-parte-do-presidente-da-republica","status":"publish","type":"post","link":"https:\/\/blogs.correiobraziliense.com.br\/servidor\/procuradores-da-republica-repudiam-ataques-descabidos-aos-membros-do-mpf-por-parte-do-presidente-da-republica\/","title":{"rendered":"Procuradores da Rep\u00fablica repudiam ataques descabidos aos membros do MPF por parte do presidente da Rep\u00fablica"},"content":{"rendered":"<header>\n<h3><strong>Os membros do MPF n\u00e3o agem em persegui\u00e7\u00e3o a outrem e atentam-se apenas ao cumprimento de sua miss\u00e3o institucional, afirma a ANPR.<br \/>\n<\/strong><\/h3>\n<p>Por meio de nota, a Associa\u00e7\u00e3o Nacional dos Procuradores da Rep\u00fablica (ANPR) condenam as declara\u00e7\u00f5es do presidente Michel Temer, pelo Twitter , na manh\u00e3 de hoje, atacando a den\u00fancia que sofreu e o trabalho da Procuradoria-Geral da Rep\u00fablica e do ex-PGR Rodrigo Janot.<\/p>\n<p>&#8220;\u00c9 Sua Excel\u00eancia Michel Temer quem responde \u00e0 acusa\u00e7\u00e3o \u2013 lastrada em numerosas provas de fatos concretos &#8211; de pertencer \u00e0 organiza\u00e7\u00e3o criminosa. Os membros do MPF \u2013 ofendidos de forma generalizada pela mensagem do Presidente, como se fosse esta institui\u00e7\u00e3o da Rep\u00fablica e seus componentes a quadrilha \u2013, ao oposto, fizeram mais uma vez um trabalho t\u00e9cnico, impessoal e isento&#8221;, destaca o documento.<\/p>\n<p>Veja a nota:<\/p>\n<\/header>\n<section>&#8220;A Associa\u00e7\u00e3o Nacional dos Procuradores da Rep\u00fablica (ANPR) vem a p\u00fablico repudiar, da forma mais veemente, as declara\u00e7\u00f5es feitas pelo presidente da Rep\u00fablica, Michel Temer, no microblog Twitter, na manh\u00e3 de hoje, 3, atacando a den\u00fancia que sofreu e o trabalho da Procuradoria-Geral da Rep\u00fablica e do ex- PGR Rodrigo Janot.<\/p>\n<p>O cidad\u00e3o Michel Temer foi denunciado pelo MPF, desta vez, pelo cometimento dos crimes de organiza\u00e7\u00e3o criminosa e de obstru\u00e7\u00e3o de Justi\u00e7a. J\u00e1 enfrentava antes den\u00fancia por corrup\u00e7\u00e3o passiva, que seguir\u00e1 seu curso, ap\u00f3s o cumprimento do mandato presidencial, por decis\u00e3o soberana da C\u00e2mara dos Deputados. \u00c9 natural, neste diapas\u00e3o, que exer\u00e7a o acusado sua autodefesa e se declare inocente. Normal e corriqueiro.<\/p>\n<p>O Presidente da Rep\u00fablica Michel Temer, todavia, tem por uma das obriga\u00e7\u00f5es constitucionais maiores zelar pelo funcionamento das institui\u00e7\u00f5es, o que sempre fez, raz\u00e3o pela qual surpreende e \u00e9 absolutamente incab\u00edvel e irrespons\u00e1vel que use agora meios oficiais para ofender sem qualquer base a institui\u00e7\u00e3o do Minist\u00e9rio P\u00fablico Federal. \u00c9 Sua Excel\u00eancia Michel Temer quem responde \u00e0 acusa\u00e7\u00e3o \u2013 lastrada em numerosas provas de fatos concretos &#8211; de pertencer \u00e0 organiza\u00e7\u00e3o criminosa. Os membros do MPF \u2013 ofendidos de forma generalizada pela mensagem do Presidente, como se fosse esta institui\u00e7\u00e3o da Rep\u00fablica e seus componentes a quadrilha \u2013, ao oposto, fizeram mais uma vez um trabalho t\u00e9cnico, impessoal e isento.<\/p>\n<p>O PGR Rodrigo Janot era o promotor natural ao tempo dos fatos. Agiu, portanto, pela institui\u00e7\u00e3o MPF. As den\u00fancias feita pelo ent\u00e3o Procurador-Geral da Rep\u00fablica, Rodrigo Janot, contra o presidente Michel Temer, baseiam-se em extenso trabalho de investiga\u00e7\u00e3o de \u00f3rg\u00e3os do Estado, e citam s\u00f3lido rol de provas. Ser\u00e3o apreciadas, cedo ou tarde, pelo Poder Judici\u00e1rio, como previsto em lei, e o pa\u00eds acompanhar\u00e1 os resultados. A imensa maioria sen\u00e3o todas as imputa\u00e7\u00f5es feitas por Rodrigo Janot enquanto PGR, bom lembrar, foram aceitas e prosseguem no Poder Judici\u00e1rio.<\/p>\n<p>Os membros do Minist\u00e9rio P\u00fablico Federal n\u00e3o agem em persegui\u00e7\u00e3o a outrem e atentam-se apenas ao cumprimento de sua miss\u00e3o institucional. Assim agiu o ent\u00e3o PGR Rodrigo Janot e equipe.<\/p>\n<p>Os procuradores da Rep\u00fablica n\u00e3o se intimidar\u00e3o. O trabalho dos membros do MPF em defesa do estado democr\u00e1tico de Direito prosseguir\u00e1 sempre, de forma serena e firme, sem temer ningu\u00e9m e sem olhar a quem. Esta, sim, \u00e9 a verdadeira contribui\u00e7\u00e3o a ser dada ao Pa\u00eds por todas as autoridades p\u00fablicas.<\/p>\n<p><strong>Jos\u00e9 Robalinho Cavalcanti<\/strong><br \/>\nProcurador Regional da Rep\u00fablica<br \/>\nPresidente da ANPR&#8221;<\/p>\n<\/section>\n","protected":false},"excerpt":{"rendered":"<p>Os membros do MPF n\u00e3o agem em persegui\u00e7\u00e3o a outrem e atentam-se apenas ao cumprimento de sua miss\u00e3o institucional, afirma a ANPR. Por meio de nota, a Associa\u00e7\u00e3o Nacional dos Procuradores da Rep\u00fablica (ANPR) condenam as declara\u00e7\u00f5es do presidente Michel Temer, pelo Twitter , na manh\u00e3 de hoje, atacando a den\u00fancia que sofreu e o trabalho da Procuradoria-Geral da Rep\u00fablica [&hellip;]<\/p>\n","protected":false},"author":27,"featured_media":0,"comment_status":"open","ping_status":"closed","sticky":false,"template":"","format":"standard","meta":{"footnotes":""},"categories":[2719],"tags":[4959,2866,61,9074,2141,3458,932,134,5533,9075,2138,9076,5026,156,2474,1678,453,407,2637,2149,548,81,1235,728,7439,1417,74,3627,1067,261,4426],"class_list":["post-6905","post","type-post","status-publish","format-standard","hentry","category-servidor","tag-anpr","tag-ataques","tag-camara","tag-conretos","tag-constitucionais","tag-criminosa","tag-cumprimento","tag-denuncia","tag-fatos","tag-impessoal","tag-institucional","tag-isento","tag-mandato","tag-membros","tag-michel-temer","tag-missao","tag-mpf","tag-obrigacoes","tag-organizacao","tag-perseguicao","tag-pgr","tag-presidente","tag-procuradores","tag-provas","tag-quadrilha","tag-republica","tag-repudiam","tag-rodrigo-janot","tag-tecnico","tag-trabalho","tag-twitter"],"_links":{"self":[{"href":"https:\/\/blogs.correiobraziliense.com.br\/servidor\/wp-json\/wp\/v2\/posts\/6905","targetHints":{"allow":["GET"]}}],"collection":[{"href":"https:\/\/blogs.correiobraziliense.com.br\/servidor\/wp-json\/wp\/v2\/posts"}],"about":[{"href":"https:\/\/blogs.correiobraziliense.com.br\/servidor\/wp-json\/wp\/v2\/types\/post"}],"author":[{"embeddable":true,"href":"https:\/\/blogs.correiobraziliense.com.br\/servidor\/wp-json\/wp\/v2\/users\/27"}],"replies":[{"embeddable":true,"href":"https:\/\/blogs.correiobraziliense.com.br\/servidor\/wp-json\/wp\/v2\/comments?post=6905"}],"version-history":[{"count":1,"href":"https:\/\/blogs.correiobraziliense.com.br\/servidor\/wp-json\/wp\/v2\/posts\/6905\/revisions"}],"predecessor-version":[{"id":6906,"href":"https:\/\/blogs.correiobraziliense.com.br\/servidor\/wp-json\/wp\/v2\/posts\/6905\/revisions\/6906"}],"wp:attachment":[{"href":"https:\/\/blogs.correiobraziliense.com.br\/servidor\/wp-json\/wp\/v2\/media?parent=6905"}],"wp:term":[{"taxonomy":"category","embeddable":true,"href":"https:\/\/blogs.correiobraziliense.com.br\/servidor\/wp-json\/wp\/v2\/categories?post=6905"},{"taxonomy":"post_tag","embeddable":true,"href":"https:\/\/blogs.correiobraziliense.com.br\/servidor\/wp-json\/wp\/v2\/tags?post=6905"}],"curies":[{"name":"wp","href":"https:\/\/api.w.org\/{rel}","templated":true}]}}