{"id":6903,"date":"2017-10-03T15:04:38","date_gmt":"2017-10-03T18:04:38","guid":{"rendered":"https:\/\/blogs.correiobraziliense.com.br\/servidor\/?p=6903"},"modified":"2017-10-03T15:04:38","modified_gmt":"2017-10-03T18:04:38","slug":"renda-propria-nao-e-suficiente-para-cortar-pensao-por-morte-de-filha-solteira","status":"publish","type":"post","link":"https:\/\/blogs.correiobraziliense.com.br\/servidor\/renda-propria-nao-e-suficiente-para-cortar-pensao-por-morte-de-filha-solteira\/","title":{"rendered":"Renda pr\u00f3pria n\u00e3o \u00e9 suficiente para cortar pens\u00e3o por morte de filha solteira"},"content":{"rendered":"<p><em>A 6\u00aa Turma Recursal da Justi\u00e7a Federal do Rio de Janeiro determinou o restabelecimento de pens\u00e3o por morte para filha solteira, que hoje j\u00e1 est\u00e1 idosa. O provento foi cancelado por causa do recebimento de renda pr\u00f3pria<\/em><\/p>\n<p>O \u00a0Tribunal de Contas da Uni\u00e3o, no Ac\u00f3rd\u00e3o n\u00ba 2.780\/2016, cancelou o benef\u00edcio com base no fundamento de que ela possui renda pr\u00f3pria. A idosa, ent\u00e3o, entrou na Justi\u00e7a e teve o pedido de liminar negado para o imediato restabelecimento do benef\u00edcio. O advogado Rudi Meira Cassel, s\u00f3cio do escrit\u00f3rio Cassel Ruzzarin Santos Rodrigues Advogados, que representa a filha solteira, ajuizou ent\u00e3o agravo de instrumento com pedido de antecipa\u00e7\u00e3o de tutela recursal. Cassel argumentou que est\u00e1 presente o risco de dano irrepar\u00e1vel decorrente da supress\u00e3o de verba de natureza alimentar recebida h\u00e1 d\u00e9cadas por pessoa idosa.<\/p>\n<p>O advogado alegou que \u201cas duas \u00fanicas hip\u00f3teses de cancelamento da pens\u00e3o por morte, para a filha maior de 21 anos e solteira, seriam no caso desta se casar ou se tornar ocupante de cargo p\u00fablico permanente\u201d. Segundo ele, a fixa\u00e7\u00e3o de hip\u00f3teses de cancelamento de benef\u00edcio previdenci\u00e1rio n\u00e3o descritas em lei fere o princ\u00edpio da legalidade. Os argumentos foram aceitos pela Turma Recursal.<\/p>\n<p>Processo n\u00b0 0155896-18.2017.4.02.5151<\/p>\n<p>6\u00aa Turma Recursal do Rio de Janeiro<\/p>\n","protected":false},"excerpt":{"rendered":"<p>A 6\u00aa Turma Recursal da Justi\u00e7a Federal do Rio de Janeiro determinou o restabelecimento de pens\u00e3o por morte para filha solteira, que hoje j\u00e1 est\u00e1 idosa. O provento foi cancelado por causa do recebimento de renda pr\u00f3pria O \u00a0Tribunal de Contas da Uni\u00e3o, no Ac\u00f3rd\u00e3o n\u00ba 2.780\/2016, cancelou o benef\u00edcio com base no fundamento de que ela possui renda pr\u00f3pria. [&hellip;]<\/p>\n","protected":false},"author":27,"featured_media":0,"comment_status":"open","ping_status":"closed","sticky":false,"template":"","format":"standard","meta":{"footnotes":""},"categories":[2719],"tags":[386,300,9073,1724,2038,9071,2236,1746,3374,9069,9072,241,358,586,6465,9070],"class_list":["post-6903","post","type-post","status-publish","format-standard","hentry","category-servidor","tag-beneficio","tag-cargo","tag-casar","tag-cortar","tag-filha","tag-idosa","tag-justica-federal","tag-morte","tag-pensao","tag-propria","tag-provento","tag-publico","tag-renda","tag-restabelecimento","tag-solteira","tag-suficiente"],"_links":{"self":[{"href":"https:\/\/blogs.correiobraziliense.com.br\/servidor\/wp-json\/wp\/v2\/posts\/6903","targetHints":{"allow":["GET"]}}],"collection":[{"href":"https:\/\/blogs.correiobraziliense.com.br\/servidor\/wp-json\/wp\/v2\/posts"}],"about":[{"href":"https:\/\/blogs.correiobraziliense.com.br\/servidor\/wp-json\/wp\/v2\/types\/post"}],"author":[{"embeddable":true,"href":"https:\/\/blogs.correiobraziliense.com.br\/servidor\/wp-json\/wp\/v2\/users\/27"}],"replies":[{"embeddable":true,"href":"https:\/\/blogs.correiobraziliense.com.br\/servidor\/wp-json\/wp\/v2\/comments?post=6903"}],"version-history":[{"count":1,"href":"https:\/\/blogs.correiobraziliense.com.br\/servidor\/wp-json\/wp\/v2\/posts\/6903\/revisions"}],"predecessor-version":[{"id":6904,"href":"https:\/\/blogs.correiobraziliense.com.br\/servidor\/wp-json\/wp\/v2\/posts\/6903\/revisions\/6904"}],"wp:attachment":[{"href":"https:\/\/blogs.correiobraziliense.com.br\/servidor\/wp-json\/wp\/v2\/media?parent=6903"}],"wp:term":[{"taxonomy":"category","embeddable":true,"href":"https:\/\/blogs.correiobraziliense.com.br\/servidor\/wp-json\/wp\/v2\/categories?post=6903"},{"taxonomy":"post_tag","embeddable":true,"href":"https:\/\/blogs.correiobraziliense.com.br\/servidor\/wp-json\/wp\/v2\/tags?post=6903"}],"curies":[{"name":"wp","href":"https:\/\/api.w.org\/{rel}","templated":true}]}}