{"id":6897,"date":"2017-10-03T14:37:51","date_gmt":"2017-10-03T17:37:51","guid":{"rendered":"https:\/\/blogs.correiobraziliense.com.br\/servidor\/?p=6897"},"modified":"2017-10-03T14:37:51","modified_gmt":"2017-10-03T17:37:51","slug":"aprovado-regimento-interno-do-conselho-nacional-do-trabalho","status":"publish","type":"post","link":"https:\/\/blogs.correiobraziliense.com.br\/servidor\/aprovado-regimento-interno-do-conselho-nacional-do-trabalho\/","title":{"rendered":"Aprovado regimento interno do Conselho Nacional do Trabalho"},"content":{"rendered":"<p><em>A partir de agora, grupo est\u00e1 apto para iniciar debates sobre emprego e buscar solu\u00e7\u00f5es ao desemprego no Brasil. O Conselho Nacional do Trabalho tem a participa\u00e7\u00e3o de 10 representantes de trabalhadores, 10 de empregadores e 10 do governo federal. A presid\u00eancia \u00e9 do Minist\u00e9rio do Trabalho<\/em><\/p>\n<p>Os integrantes do Conselho Nacional do Trabalho aprovaram, nesta ter\u00e7a (3), o regimento interno do \u00f3rg\u00e3o. O documento dever\u00e1 ser publicado no Di\u00e1rio Oficial da Uni\u00e3o (DOU) nos pr\u00f3ximos dias.\u00a0Com isso, o grupo est\u00e1 apto a iniciar as discuss\u00f5es para buscar solu\u00e7\u00f5es ao desemprego no Brasil.<\/p>\n<p>O ministro do Trabalho, Ronaldo Nogueira, comemorou a aprova\u00e7\u00e3o do regimento, que era pr\u00e9-requisito para os debates. E lembrou que as sugest\u00f5es apresentadas no conselho servir\u00e3o de base para a elabora\u00e7\u00e3o das pol\u00edticas p\u00fablicas de emprego no pa\u00eds.\u00a0&#8220;A miss\u00e3o desse grupo \u00e9 muito importante porque ele ir\u00e1 contribuir muito com o futuro do emprego no Brasil&#8221;, afirmou.<br \/>\nOs conselheiros tamb\u00e9m decidiram, nesta ter\u00e7a, incluir as c\u00e2maras t\u00e9cnicas do Minist\u00e9rio do Trabalho (MTb) no conselho. Elas s\u00e3o tr\u00eas: da constru\u00e7\u00e3o civil, dos portos e de eletroeletr\u00f4nicos e tecnologia da informa\u00e7\u00e3o. Formadas por representantes de empregadores e trabalhadores, as c\u00e2maras t\u00eam como objetivo debater solu\u00e7\u00f5es para os problemas desses setores a fim de que eles consigam gerar mais empregos.<br \/>\nSecret\u00e1rio de Rela\u00e7\u00f5es do Trabalho do Minist\u00e9rio do Trabalho, Carlos Lacerda explicou que muitos dos problemas\u00a0dos empres\u00e1rios desses setores afetam diretamente os empregos. \u201cCalcula-se, por exemplo, que a pirataria tire dois milh\u00f5es de empregos formais do mercado. Ent\u00e3o, precisamos tratar disso\u201d, exemplificou.<\/p>\n<p>&nbsp;<\/p>\n","protected":false},"excerpt":{"rendered":"<p>A partir de agora, grupo est\u00e1 apto para iniciar debates sobre emprego e buscar solu\u00e7\u00f5es ao desemprego no Brasil. O Conselho Nacional do Trabalho tem a participa\u00e7\u00e3o de 10 representantes de trabalhadores, 10 de empregadores e 10 do governo federal. A presid\u00eancia \u00e9 do Minist\u00e9rio do Trabalho Os integrantes do Conselho Nacional do Trabalho aprovaram, nesta ter\u00e7a (3), o regimento [&hellip;]<\/p>\n","protected":false},"author":27,"featured_media":0,"comment_status":"open","ping_status":"closed","sticky":false,"template":"","format":"standard","meta":{"footnotes":""},"categories":[2719],"tags":[9061,9060,5071,2293,2745,197,124,98,3309,5531,2841,9059,1765,1360,19],"class_list":["post-6897","post","type-post","status-publish","format-standard","hentry","category-servidor","tag-apto","tag-conselho-nacional-do-trabalho","tag-debates","tag-desemprego","tag-empregadores","tag-emprego","tag-federal","tag-governo","tag-grupo","tag-interno","tag-ministerio-do-trabalho","tag-regimentos","tag-representantes","tag-solucoes","tag-trabalhadores"],"_links":{"self":[{"href":"https:\/\/blogs.correiobraziliense.com.br\/servidor\/wp-json\/wp\/v2\/posts\/6897","targetHints":{"allow":["GET"]}}],"collection":[{"href":"https:\/\/blogs.correiobraziliense.com.br\/servidor\/wp-json\/wp\/v2\/posts"}],"about":[{"href":"https:\/\/blogs.correiobraziliense.com.br\/servidor\/wp-json\/wp\/v2\/types\/post"}],"author":[{"embeddable":true,"href":"https:\/\/blogs.correiobraziliense.com.br\/servidor\/wp-json\/wp\/v2\/users\/27"}],"replies":[{"embeddable":true,"href":"https:\/\/blogs.correiobraziliense.com.br\/servidor\/wp-json\/wp\/v2\/comments?post=6897"}],"version-history":[{"count":1,"href":"https:\/\/blogs.correiobraziliense.com.br\/servidor\/wp-json\/wp\/v2\/posts\/6897\/revisions"}],"predecessor-version":[{"id":6898,"href":"https:\/\/blogs.correiobraziliense.com.br\/servidor\/wp-json\/wp\/v2\/posts\/6897\/revisions\/6898"}],"wp:attachment":[{"href":"https:\/\/blogs.correiobraziliense.com.br\/servidor\/wp-json\/wp\/v2\/media?parent=6897"}],"wp:term":[{"taxonomy":"category","embeddable":true,"href":"https:\/\/blogs.correiobraziliense.com.br\/servidor\/wp-json\/wp\/v2\/categories?post=6897"},{"taxonomy":"post_tag","embeddable":true,"href":"https:\/\/blogs.correiobraziliense.com.br\/servidor\/wp-json\/wp\/v2\/tags?post=6897"}],"curies":[{"name":"wp","href":"https:\/\/api.w.org\/{rel}","templated":true}]}}