{"id":6893,"date":"2017-10-03T12:09:40","date_gmt":"2017-10-03T15:09:40","guid":{"rendered":"https:\/\/blogs.correiobraziliense.com.br\/servidor\/?p=6893"},"modified":"2017-10-03T12:09:40","modified_gmt":"2017-10-03T15:09:40","slug":"governo-publica-portaria-com-ampliacao-de-movimentacao-e-empenho-do-poder-executivo","status":"publish","type":"post","link":"https:\/\/blogs.correiobraziliense.com.br\/servidor\/governo-publica-portaria-com-ampliacao-de-movimentacao-e-empenho-do-poder-executivo\/","title":{"rendered":"Governo publica portaria com amplia\u00e7\u00e3o de movimenta\u00e7\u00e3o e empenho do Poder Executivo"},"content":{"rendered":"<div id=\"plone-content\">\n<div id=\"portal-columns\" class=\"row\">\n<div id=\"portal-column-content\" class=\"cell width-3:4 position-1:4\">\n<div class=\"\">\n<div id=\"content\">\n<article>\n<div>\n<p>O Minist\u00e9rio do Planejamento ampliar\u00e1 em R$ 9.802.096.953,00 (nove bilh\u00f5es, oitocentos e dois milh\u00f5es, noventa e seis mil, novecentos e cinquenta e tr\u00eas reais) os valores de movimenta\u00e7\u00e3o e empenho de diversos \u00f3rg\u00e3os do Poder Executivo.<\/p>\n<p>A <strong><a class=\"external-link\" title=\"\" href=\"http:\/\/pesquisa.in.gov.br\/imprensa\/jsp\/visualiza\/index.jsp?data=03\/10\/2017&amp;jornal=1&amp;pagina=63&amp;totalArquivos=80\" target=\"_blank\">portaria n\u00ba 314<\/a><\/strong>\u00a0 foi publicada hoje no Di\u00e1rio Oficial da Uni\u00e3o (DOU), definindo a distribui\u00e7\u00e3o dos recursos alocados na reserva conforme Decreto No\u00b0 9.164 publicado em 29 de setembro de desbloqueio de recursos do Or\u00e7amento 2017.<\/p>\n<p>&#8220;Essa amplia\u00e7\u00e3o deve-se \u00e0 necessidade de atendimento de diversas despesas administrativas e final\u00edsticas dos \u00f3rg\u00e3os envolvidos, inclusive programa\u00e7\u00f5es que comp\u00f5em o Programa de Acelera\u00e7\u00e3o do Crescimento \u2013 PAC&#8221;, informa o Planejamento.<\/p>\n<p>A amplia\u00e7\u00e3o ser\u00e1 feita com base no Decreto n\u00ba 8.961, de 16 de janeiro de 2017, publicado no dia 29 setembro, que definia uma amplia\u00e7\u00e3o de R$ 12,660 bilh\u00f5es das despesas discricion\u00e1rias do Poder Executivo. Esta \u00e9 a parcela destinada ao Poder Executivo do total de R$ 12,824 bilh\u00f5es das despesas discricion\u00e1rias ampliadas para todos os Poderes da Uni\u00e3o, Minist\u00e9rio P\u00fablico da Uni\u00e3o (MPU) e Defensoria P\u00fablica da Uni\u00e3o (DPU). O desbloqueio foi anunciado pelo ministro Dyogo Oliveira, em 22 de setembro, durante divulga\u00e7\u00e3o o Relat\u00f3rio de Avalia\u00e7\u00e3o de Receitas e Despesas do 4\u00ba bimestre.<\/p>\n<p><img decoding=\"async\" class=\"image-inline\" title=\"\" src=\"http:\/\/www.planejamento.gov.br\/imgs\/tabelaportaria314.GIF\" alt=\"\" \/><\/p>\n<\/div>\n<div class=\"newsview\"><\/div>\n<\/article>\n<\/div>\n<\/div>\n<div id=\"viewlet-below-content\"><\/div>\n<\/div>\n<\/div>\n<\/div>\n<div class=\"clear\"><\/div>\n<div id=\"voltar-topo\"><a href=\"http:\/\/www.planejamento.gov.br\/noticias\/governo-publica-portaria-com-ampliacao-de-movimentacao-e-empenho-do-poder-executivo#wrapper\">Voltar para o topo<\/a><\/div>\n","protected":false},"excerpt":{"rendered":"<p>O Minist\u00e9rio do Planejamento ampliar\u00e1 em R$ 9.802.096.953,00 (nove bilh\u00f5es, oitocentos e dois milh\u00f5es, noventa e seis mil, novecentos e cinquenta e tr\u00eas reais) os valores de movimenta\u00e7\u00e3o e empenho de diversos \u00f3rg\u00e3os do Poder Executivo. A portaria n\u00ba 314\u00a0 foi publicada hoje no Di\u00e1rio Oficial da Uni\u00e3o (DOU), definindo a distribui\u00e7\u00e3o dos recursos alocados na reserva conforme Decreto No\u00b0 [&hellip;]<\/p>\n","protected":false},"author":27,"featured_media":0,"comment_status":"open","ping_status":"closed","sticky":false,"template":"","format":"standard","meta":{"footnotes":""},"categories":[2719],"tags":[4434,4021,235,3534,1769,2789,9055,6071,98,7622,2788,1890,491,1413,1167,9056,316,702,1808],"class_list":["post-6893","post","type-post","status-publish","format-standard","hentry","category-servidor","tag-administrativas","tag-ampliacao","tag-despesas","tag-distribuicao","tag-dou","tag-dpu","tag-emprenho","tag-finalisticas","tag-governo","tag-movimentacao","tag-mpu","tag-orgaos","tag-pac","tag-poder-executivo","tag-portaria","tag-programacoes","tag-recursos","tag-reserva","tag-valores"],"_links":{"self":[{"href":"https:\/\/blogs.correiobraziliense.com.br\/servidor\/wp-json\/wp\/v2\/posts\/6893","targetHints":{"allow":["GET"]}}],"collection":[{"href":"https:\/\/blogs.correiobraziliense.com.br\/servidor\/wp-json\/wp\/v2\/posts"}],"about":[{"href":"https:\/\/blogs.correiobraziliense.com.br\/servidor\/wp-json\/wp\/v2\/types\/post"}],"author":[{"embeddable":true,"href":"https:\/\/blogs.correiobraziliense.com.br\/servidor\/wp-json\/wp\/v2\/users\/27"}],"replies":[{"embeddable":true,"href":"https:\/\/blogs.correiobraziliense.com.br\/servidor\/wp-json\/wp\/v2\/comments?post=6893"}],"version-history":[{"count":1,"href":"https:\/\/blogs.correiobraziliense.com.br\/servidor\/wp-json\/wp\/v2\/posts\/6893\/revisions"}],"predecessor-version":[{"id":6894,"href":"https:\/\/blogs.correiobraziliense.com.br\/servidor\/wp-json\/wp\/v2\/posts\/6893\/revisions\/6894"}],"wp:attachment":[{"href":"https:\/\/blogs.correiobraziliense.com.br\/servidor\/wp-json\/wp\/v2\/media?parent=6893"}],"wp:term":[{"taxonomy":"category","embeddable":true,"href":"https:\/\/blogs.correiobraziliense.com.br\/servidor\/wp-json\/wp\/v2\/categories?post=6893"},{"taxonomy":"post_tag","embeddable":true,"href":"https:\/\/blogs.correiobraziliense.com.br\/servidor\/wp-json\/wp\/v2\/tags?post=6893"}],"curies":[{"name":"wp","href":"https:\/\/api.w.org\/{rel}","templated":true}]}}